{"id":28651,"date":"2023-12-30T13:40:51","date_gmt":"2023-12-30T11:40:51","guid":{"rendered":"https:\/\/bisbalpenedes.com\/web\/?p=28651"},"modified":"2023-12-30T13:44:45","modified_gmt":"2023-12-30T11:44:45","slug":"sinicia-lexpedient-per-a-ladquisicio-directa-de-part-duna-finca-del-barri-de-la-riba-per-destinar-la-a-fer-un-aparcament","status":"publish","type":"post","link":"https:\/\/bisbalpenedes.com\/web\/2023\/12\/30\/sinicia-lexpedient-per-a-ladquisicio-directa-de-part-duna-finca-del-barri-de-la-riba-per-destinar-la-a-fer-un-aparcament\/","title":{"rendered":"S&#8217;inicia l&#8217;expedient per a l&#8217;adquisici\u00f3 directa de part d&#8217;una finca del barri de la Riba per destinar-la a fer un aparcament"},"content":{"rendered":"\n<p>El passat 15 de desembre es va aprovar, mitjan\u00e7ant Decret d&#8217;alcaldia, l&#8217;inici de l&#8217;expedient i l&#8217;aprovaci\u00f3 del plec de cl\u00e0usules per a l&#8217;adquisici\u00f3 directa d&#8217;uns terrenys de 1.537m2 a la cantonada entre el carrer General Romagosa i el cam\u00ed del Priorat, convidant al propietari d&#8217;aquests a participar-hi. La valoraci\u00f3 dels terrenys ascendeix a 9.222\u20ac, segons els serveis t\u00e8cnics municipals i una taxaci\u00f3 externa que s&#8217;ha sol\u00b7licitat.<\/p>\n\n\n\n<p>L&#8217;equip de govern considera necessari crear una zona d&#8217;aparcament al barri de la Riba, tenint en compte les caracter\u00edstiques urban\u00edstiques del barri, format per carrer estrets, i la seva rellev\u00e0ncia quant a la connexi\u00f3 entre el nucli i el Priorat.<\/p>\n\n\n\n<p>Actualment, s&#8217;estan executant les obres de millora de les infraestructures del barri de la Riba i, aquestes, suposaran la prohibici\u00f3 d&#8217;estacionar en alguns carrers mentre durin les obres. Per aquest motiu, l&#8217;equip de govern considera que ara m\u00e9s que mai \u00e9s important ampliar la zona d&#8217;aparcament&nbsp;<em>&#8220;perqu\u00e8 durant les obres hi puguin aparcar els ve\u00efns i tamb\u00e9 se&#8217;n puguin beneficiar a les persones que venen d&#8217;altres barris o zones a dinar o a prendre alguna cosa als bars i restaurants de la zona, &nbsp;les persones que venen a visitar els avis de la Resid\u00e8ncia o els visitants que venen a veure els murals del municipi&#8221;.<\/em><\/p>\n\n\n\n<p>L&#8217;ajuntament ha valorat la viabilitat de diversos espais, susceptibles de ser habilitats com a zona d&#8217;aparcament, estudiant les finques m\u00e9s properes als habitatges i la facilitat per a l&#8217;entrada i sortida de vehicles i ha considerat que la compra d&#8217;aquests terrenys \u00e9s l&#8217;opci\u00f3 m\u00e9s adequada. Per aquest motiu, el passat mes de novembre va encarregar la redacci\u00f3 del projecte i la direcci\u00f3 de l&#8217;obra de construcci\u00f3 d&#8217;una zona d&#8217;aparcament p\u00fablic al barri de la Riba.<\/p>\n\n\n\n<hr class=\"wp-block-separator has-alpha-channel-opacity\"\/>\n\n\n\n<p><strong>CASTELLANO |<\/strong>&nbsp;El pasado 15 de diciembre se aprob\u00f3, mediante Decreto de alcald\u00eda, el inicio del expediente y la aprobaci\u00f3n del pliego de cl\u00e1usulas para la adquisici\u00f3n directa de unos terrenos de 1.537m2 en la esquina entre la calle General Romagosa y el camino del Priorat, invitando al propietario de estos a participar en dicha adquisici\u00f3n. La valoraci\u00f3n de los terrenos asciende a 9.222\u20ac, seg\u00fan los servicios t\u00e9cnicos municipales y una tasaci\u00f3n externa que se ha solicitado.<\/p>\n\n\n\n<p>El equipo de gobierno considera necesario crear una zona de aparcamiento en el barrio de la Riba, teniendo en cuenta las caracter\u00edsticas urban\u00edsticas del barrio, formado por calles estrechas, y su relevancia en cuanto a la conexi\u00f3n entre el n\u00facleo y el Priorat.<\/p>\n\n\n\n<p>Actualmente, se est\u00e1n ejecutando las obras de mejora de las infraestructuras del barrio de la Riba y, estas, supondr\u00e1n la prohibici\u00f3n de estacionar en algunas calles mientras duren las obras. Por este motivo, el equipo de gobierno considera que ahora m\u00e1s que nunca es importante ampliar la zona de aparcamiento&nbsp;<em>&#8220;para que durante las obras puedan aparcar los vecinos y tambi\u00e9n se puedan beneficiar las personas que vienen de otros barrios o zonas a comer o a tomar algo a los bares y restaurantes de la zona, las persona que vienen a visitar a los abuelos de la Residencia o los visitantes que vienen a ver los murales del municipio&#8221;.<\/em><\/p>\n\n\n\n<p>El ayuntamiento ha valorado la viabilidad de varios espacios, susceptibles de ser habilitados como zona de aparcamiento, estudiando las fincas m\u00e1s cercanas a las viviendas y la facilidad para la entrada y salida de veh\u00edculos y ha considerado que la compra de estos terrenos es la opci\u00f3n m\u00e1s adecuada. Por este motivo, el pasado mes de noviembre encarg\u00f3 la redacci\u00f3n del proyecto y la direcci\u00f3n de obra de construcci\u00f3n de una nueva zona de aparcamiento p\u00fablico en el barrio de la Riba.<\/p>\n","protected":false},"excerpt":{"rendered":"<p>El passat 15 de desembre es va aprovar, mitjan\u00e7ant Decret d&#8217;alcaldia, l&#8217;inici de l&#8217;expedient i l&#8217;aprovaci\u00f3 del plec de cl\u00e0usules per a l&#8217;adquisici\u00f3 directa d&#8217;uns terrenys de 1.537m2 a la &hellip; <a href=\"https:\/\/bisbalpenedes.com\/web\/2023\/12\/30\/sinicia-lexpedient-per-a-ladquisicio-directa-de-part-duna-finca-del-barri-de-la-riba-per-destinar-la-a-fer-un-aparcament\/\" class=\"more-link\">Read More<\/a><\/p>\n","protected":false},"author":4,"featured_media":28654,"comment_status":"closed","ping_status":"closed","sticky":false,"template":"","format":"standard","meta":[],"categories":[2057,3482,8,15,6393],"tags":[330,459,393,1337,1374],"_links":{"self":[{"href":"https:\/\/bisbalpenedes.com\/web\/wp-json\/wp\/v2\/posts\/28651"}],"collection":[{"href":"https:\/\/bisbalpenedes.com\/web\/wp-json\/wp\/v2\/posts"}],"about":[{"href":"https:\/\/bisbalpenedes.com\/web\/wp-json\/wp\/v2\/types\/post"}],"author":[{"embeddable":true,"href":"https:\/\/bisbalpenedes.com\/web\/wp-json\/wp\/v2\/users\/4"}],"replies":[{"embeddable":true,"href":"https:\/\/bisbalpenedes.com\/web\/wp-json\/wp\/v2\/comments?post=28651"}],"version-history":[{"count":1,"href":"https:\/\/bisbalpenedes.com\/web\/wp-json\/wp\/v2\/posts\/28651\/revisions"}],"predecessor-version":[{"id":28653,"href":"https:\/\/bisbalpenedes.com\/web\/wp-json\/wp\/v2\/posts\/28651\/revisions\/28653"}],"wp:featuredmedia":[{"embeddable":true,"href":"https:\/\/bisbalpenedes.com\/web\/wp-json\/wp\/v2\/media\/28654"}],"wp:attachment":[{"href":"https:\/\/bisbalpenedes.com\/web\/wp-json\/wp\/v2\/media?parent=28651"}],"wp:term":[{"taxonomy":"category","embeddable":true,"href":"https:\/\/bisbalpenedes.com\/web\/wp-json\/wp\/v2\/categories?post=28651"},{"taxonomy":"post_tag","embeddable":true,"href":"https:\/\/bisbalpenedes.com\/web\/wp-json\/wp\/v2\/tags?post=28651"}],"curies":[{"name":"wp","href":"https:\/\/api.w.org\/{rel}","templated":true}]}}