{"id":28647,"date":"2023-12-30T12:36:10","date_gmt":"2023-12-30T10:36:10","guid":{"rendered":"https:\/\/bisbalpenedes.com\/web\/?p=28647"},"modified":"2023-12-30T12:36:10","modified_gmt":"2023-12-30T10:36:10","slug":"lalcaldessa-i-la-primera-tinenta-dalcaldia-de-lajuntament-de-la-bisbal-del-penedes-van-assistir-a-la-xxvii-assemblea-de-lacm-el-passat-12-de-desembre","status":"publish","type":"post","link":"https:\/\/bisbalpenedes.com\/web\/2023\/12\/30\/lalcaldessa-i-la-primera-tinenta-dalcaldia-de-lajuntament-de-la-bisbal-del-penedes-van-assistir-a-la-xxvii-assemblea-de-lacm-el-passat-12-de-desembre\/","title":{"rendered":"L&#8217;alcaldessa i la primera tinenta d&#8217;alcaldia de l&#8217;Ajuntament de la Bisbal del Pened\u00e8s van assistir a la XXVII assemblea de l&#8217;ACM el passat 12 de desembre"},"content":{"rendered":"\n<p><strong>L&#8217;alcaldessa de la Bisbal del Pened\u00e8s forma part de les sectorials d&#8217;educaci\u00f3, agenda rural i ocupaci\u00f3<\/strong><\/p>\n\n\n\n<figure class=\"wp-block-image size-large\"><img loading=\"lazy\" width=\"1024\" height=\"768\" src=\"https:\/\/bisbalpenedes.com\/web\/wp-content\/uploads\/2023\/12\/ACM-1-1024x768.jpg\" alt=\"\" class=\"wp-image-28649\" srcset=\"https:\/\/bisbalpenedes.com\/web\/wp-content\/uploads\/2023\/12\/ACM-1-1024x768.jpg 1024w, https:\/\/bisbalpenedes.com\/web\/wp-content\/uploads\/2023\/12\/ACM-1-300x225.jpg 300w, https:\/\/bisbalpenedes.com\/web\/wp-content\/uploads\/2023\/12\/ACM-1-768x576.jpg 768w, https:\/\/bisbalpenedes.com\/web\/wp-content\/uploads\/2023\/12\/ACM-1-1536x1152.jpg 1536w, https:\/\/bisbalpenedes.com\/web\/wp-content\/uploads\/2023\/12\/ACM-1-2048x1536.jpg 2048w, https:\/\/bisbalpenedes.com\/web\/wp-content\/uploads\/2023\/12\/ACM-1-600x450.jpg 600w\" sizes=\"(max-width: 1024px) 100vw, 1024px\" \/><\/figure>\n\n\n\n<p>El passat 12 de desembre es va celebrar la XXVII assemblea de l&#8217;Associaci\u00f3 Catalana de Municipis (ACM) a Barcelona i l&#8217;alcaldessa de la Bisbal del Pened\u00e8s, Agn\u00e8s Ferr\u00e9; i la primera tinenta d&#8217;alcaldia, Judith Vidal; hi van assistir. De fet, l&#8217;alcaldessa Agn\u00e8s Ferr\u00e9 forma part del Comit\u00e8 executiu de l&#8217;ACM i ara tamb\u00e9 forma part de les \u00e0rees sectorials d&#8217;educaci\u00f3, agenda rural i empresa i ocupaci\u00f3. A m\u00e9s, la batllessa bisbalenca \u00e9s vocal de l&#8217;ACM i del Consell de Direcci\u00f3 del Servei d&#8217;Ocupaci\u00f3 de Catalunya (SOC) -com en el mandat anterior-, i del Consell Territorial del Pened\u00e8s del SOC, creat recentment.<\/p>\n\n\n\n<p>L&#8217;assemblea del passat 12 de desembre va aprovar el pressupost de l&#8217;entitat per al 2024 i el Pla de mandat 2023\/27. Aquest document defineix les l\u00ednies estrat\u00e8giques que l&#8217;ACM promour\u00e0 durant els pr\u00f2xims quatre anys amb la voluntat d&#8217;impulsar el municipalisme catal\u00e0 i afrontar els reptes i oportunitats futurs que tenen els pobles i ciutats catalans despr\u00e9s de superar la crisi sanit\u00e0ria i econ\u00f2mica de la Covid-19. El Pla de Mandat marca quatre eixos principals: transici\u00f3 ecol\u00f2gica, equitat social i territorial, internacionalitzaci\u00f3 i municipalisme.<\/p>\n\n\n\n<hr class=\"wp-block-separator has-alpha-channel-opacity\"\/>\n\n\n\n<p><strong>CASTELLANO |<\/strong>&nbsp;El pasado 12 de diciembre se celebr\u00f3 la XXVII asamblea de la Associaci\u00f3 Catalana de Municipis (ACM) en Barcelona y la alcaldesa de la Bisbal del Pened\u00e8s, Agn\u00e8s Ferr\u00e9; y la primera tenienta de alcald\u00eda, Judith Vidal; asistieron a la misma. De hecho, la alcaldesa Agn\u00e8s Ferr\u00e9 forma parte del Comit\u00e9 ejecutivo de la ACM y ahora tambi\u00e9n forma parte de las \u00e1reas sectoriales de educaci\u00f3n, agenda rural y empresa y ocupaci\u00f3n. Adem\u00e1s, la alcaldesa bisbalenca es vocal de la ACM y del Consell de la Direcci\u00f3 del Servei d&#8217;Ocupaci\u00f3 de Catalunya (SOC) -como en el mandato anterior-, y del Consell Territorial del SOC, creado recientemente.<\/p>\n\n\n\n<p>La asamblea del pasado 12 de diciembre aprob\u00f3 el presupuesto de la entidad para el 2024 y el Plan de mandato 2023\/27. Este documento define las l\u00edneas estrat\u00e9gicas que la ACM promover\u00e1 durante los pr\u00f3ximos cuatro a\u00f1os con la voluntad de impulsar el municipalismo catal\u00e1n y afrontar los retos y oportunidades futuros que tienen los pueblos y ciudades catalanes despu\u00e9s de superar la crisis sanitaria y econ\u00f3mica de la covid-19. El Plan de Mandato marca cuatro ejes principales: transici\u00f3n ecol\u00f3gica, equidad social y sectorial, internacionalizaci\u00f3n y municipalismo.<\/p>\n","protected":false},"excerpt":{"rendered":"<p>L&#8217;alcaldessa de la Bisbal del Pened\u00e8s forma part de les sectorials d&#8217;educaci\u00f3, agenda rural i ocupaci\u00f3 El passat 12 de desembre es va celebrar la XXVII assemblea de l&#8217;Associaci\u00f3 Catalana &hellip; <a href=\"https:\/\/bisbalpenedes.com\/web\/2023\/12\/30\/lalcaldessa-i-la-primera-tinenta-dalcaldia-de-lajuntament-de-la-bisbal-del-penedes-van-assistir-a-la-xxvii-assemblea-de-lacm-el-passat-12-de-desembre\/\" class=\"more-link\">Read More<\/a><\/p>\n","protected":false},"author":4,"featured_media":28648,"comment_status":"closed","ping_status":"closed","sticky":false,"template":"","format":"standard","meta":[],"categories":[2057,8],"tags":[874,1592,876,459,393],"_links":{"self":[{"href":"https:\/\/bisbalpenedes.com\/web\/wp-json\/wp\/v2\/posts\/28647"}],"collection":[{"href":"https:\/\/bisbalpenedes.com\/web\/wp-json\/wp\/v2\/posts"}],"about":[{"href":"https:\/\/bisbalpenedes.com\/web\/wp-json\/wp\/v2\/types\/post"}],"author":[{"embeddable":true,"href":"https:\/\/bisbalpenedes.com\/web\/wp-json\/wp\/v2\/users\/4"}],"replies":[{"embeddable":true,"href":"https:\/\/bisbalpenedes.com\/web\/wp-json\/wp\/v2\/comments?post=28647"}],"version-history":[{"count":1,"href":"https:\/\/bisbalpenedes.com\/web\/wp-json\/wp\/v2\/posts\/28647\/revisions"}],"predecessor-version":[{"id":28650,"href":"https:\/\/bisbalpenedes.com\/web\/wp-json\/wp\/v2\/posts\/28647\/revisions\/28650"}],"wp:featuredmedia":[{"embeddable":true,"href":"https:\/\/bisbalpenedes.com\/web\/wp-json\/wp\/v2\/media\/28648"}],"wp:attachment":[{"href":"https:\/\/bisbalpenedes.com\/web\/wp-json\/wp\/v2\/media?parent=28647"}],"wp:term":[{"taxonomy":"category","embeddable":true,"href":"https:\/\/bisbalpenedes.com\/web\/wp-json\/wp\/v2\/categories?post=28647"},{"taxonomy":"post_tag","embeddable":true,"href":"https:\/\/bisbalpenedes.com\/web\/wp-json\/wp\/v2\/tags?post=28647"}],"curies":[{"name":"wp","href":"https:\/\/api.w.org\/{rel}","templated":true}]}}