{"id":28633,"date":"2023-12-29T10:57:37","date_gmt":"2023-12-29T08:57:37","guid":{"rendered":"https:\/\/bisbalpenedes.com\/web\/?p=28633"},"modified":"2023-12-29T10:57:37","modified_gmt":"2023-12-29T08:57:37","slug":"lalcaldessa-i-el-regidor-densenyament-han-traslladat-a-la-directora-dels-serveis-territorials-deducacio-la-necessitat-dampliar-lescola-bisbalenca","status":"publish","type":"post","link":"https:\/\/bisbalpenedes.com\/web\/2023\/12\/29\/lalcaldessa-i-el-regidor-densenyament-han-traslladat-a-la-directora-dels-serveis-territorials-deducacio-la-necessitat-dampliar-lescola-bisbalenca\/","title":{"rendered":"L&#8217;alcaldessa i el regidor d&#8217;Ensenyament han traslladat a la directora dels serveis territorials d&#8217;Educaci\u00f3 la necessitat d&#8217;ampliar l&#8217;escola bisbalenca"},"content":{"rendered":"\n<p>La directora dels serveis territorials d&#8217;Educaci\u00f3 al Pened\u00e8s, Pilar Rodr\u00edguez Forn, va visitar la Bisbal del Pened\u00e8s el divendres 22 de desembre i es va reunir amb l&#8217;alcaldessa Agn\u00e8s Ferr\u00e9 i el regidor d&#8217;Ensenyament, Daniel Caballero. Rodr\u00edguez, que va ser nomenada amb aquest c\u00e0rrec a l&#8217;octubre, va interessar-se per la situaci\u00f3 dels centres educatius bisbalencs. Els dos membres de l&#8217;equip de govern la van informar i li van traslladar la necessitat d&#8217;ampliar l&#8217;escola Ull de Vent i de retornar l&#8217;\u00fas de l&#8217;escola centen\u00e0ria a l&#8217;ajuntament. Pilar Rodr\u00edguez es va comprometre a estudiar la proposta i va oferir els serveis d&#8217;obres de la Generalitat perqu\u00e8 s&#8217;ho vinguessin a mirar, tot i que va explicar que en l&#8217;actualitat nom\u00e9s es podien estudiar propostes a llarg termini, amb la mirada posada cap al 2030 o 2031. L&#8217;alcaldessa i el regidor d&#8217;Ensenyament li van proposar anar avan\u00e7ant, des de l&#8217;Ajuntament de la Bisbal del Pened\u00e8s, en la confecci\u00f3 del projecte i, fins i tot, avan\u00e7ar diners de la inversi\u00f3 per poder dur a terme l&#8217;ampliaci\u00f3 al m\u00e9s aviat possible. Despr\u00e9s d&#8217;aquesta conversa, ambd\u00f3s membres de l&#8217;equip de govern van visitar els dos edificis de l&#8217;escola Ull de Vent amb la directora dels serveis territorials d&#8217;Ensenyament, on van reunir-se amb el director del centre, \u00c0ngel Espinosa, qui tamb\u00e9 li va fer arribar la demanda d&#8217;ampliar l&#8217;escola, entre altres q\u00fcestions.<\/p>\n\n\n\n<p>L&#8217;equip de govern i els serveis territorials d&#8217;Educaci\u00f3 continuaran mantenint converses per mirar de poder tirar endavant les obres d&#8217;ampliaci\u00f3 de l&#8217;escola al m\u00e9s aviat possible.\u00a0<\/p>\n\n\n\n<figure class=\"wp-block-image size-large\"><img loading=\"lazy\" width=\"1024\" height=\"768\" src=\"https:\/\/bisbalpenedes.com\/web\/wp-content\/uploads\/2023\/12\/3E5C1151-CFDA-4D76-A6A3-A5129FE63804-1024x768.jpeg\" alt=\"\" class=\"wp-image-28635\" srcset=\"https:\/\/bisbalpenedes.com\/web\/wp-content\/uploads\/2023\/12\/3E5C1151-CFDA-4D76-A6A3-A5129FE63804-1024x768.jpeg 1024w, https:\/\/bisbalpenedes.com\/web\/wp-content\/uploads\/2023\/12\/3E5C1151-CFDA-4D76-A6A3-A5129FE63804-300x225.jpeg 300w, https:\/\/bisbalpenedes.com\/web\/wp-content\/uploads\/2023\/12\/3E5C1151-CFDA-4D76-A6A3-A5129FE63804-768x576.jpeg 768w, https:\/\/bisbalpenedes.com\/web\/wp-content\/uploads\/2023\/12\/3E5C1151-CFDA-4D76-A6A3-A5129FE63804-1536x1152.jpeg 1536w, https:\/\/bisbalpenedes.com\/web\/wp-content\/uploads\/2023\/12\/3E5C1151-CFDA-4D76-A6A3-A5129FE63804-600x450.jpeg 600w, https:\/\/bisbalpenedes.com\/web\/wp-content\/uploads\/2023\/12\/3E5C1151-CFDA-4D76-A6A3-A5129FE63804.jpeg 2048w\" sizes=\"(max-width: 1024px) 100vw, 1024px\" \/><\/figure>\n\n\n\n<hr class=\"wp-block-separator has-alpha-channel-opacity\"\/>\n\n\n\n<p><strong>CASTELLANO<\/strong> | La directora de los servicios territoriales de Educaci\u00f3n del Pened\u00e8s, Pilar Rodr\u00edguez Forn, visit\u00f3 la Bisbal del Pened\u00e8s el viernes 22 de diciembre y se reuni\u00f3 con la alcaldesa Agn\u00e8s Ferr\u00e9 y el concejal de Educaci\u00f3n, Daniel Caballero. Rodr\u00edguez, que fue nombrada con este cargo en octubre, se interes\u00f3 por la situaci\u00f3n de los centros educativos bisbalencs. Los dos miembros del equipo de gobierno la informaron y le trasladaron la necesidad de ampliar le escuela Ull de Vent y de devolver el uso de la escuela centenaria al ayuntamiento. Pilar Rodr\u00edguez se comprometi\u00f3 a estudiar la propuesta y ofreci\u00f3 los servicios de obras de la Generalitat para que se lo viniesen a mirar, aunque explic\u00f3 que en la actualidad solamente se pod\u00edan estudiar propuestas a largo plazo, con la mirada puesta hacia el 2030 o 2031. La alcaldesa y el concejal de Educaci\u00f3n le propusieron ir avanzando, desde el Ayuntamiento de la Bisbal del pened\u00e8s, en la confecci\u00f3n del proyecto e, incluso, adelantar dinero de la inversi\u00f3n para poder realizar la ampliaci\u00f3n cuanto antes. Despu\u00e9s de esta conversaci\u00f3n, ambos miembros del equipo de gobierno visitaron los dos edificios de la escuela Ull de Vent con la directora de los servicios territoriales de Educaci\u00f3n, donde se reunieron con el director del centro, \u00c0ngel Espinosa, quien tambi\u00e9n le hizo llegar la demanda de ampliar la escuela, entre otras cuestiones.\u00a0<\/p>\n\n\n\n<p>El equipo de gobierno y los servicios territoriales de Educaci\u00f3n continuar\u00e1n manteniendo conversaciones para llevar a cabo las obras de ampliaci\u00f3n de la escuela cuanto antes mejor.<\/p>\n","protected":false},"excerpt":{"rendered":"<p>La directora dels serveis territorials d&#8217;Educaci\u00f3 al Pened\u00e8s, Pilar Rodr\u00edguez Forn, va visitar la Bisbal del Pened\u00e8s el divendres 22 de desembre i es va reunir amb l&#8217;alcaldessa Agn\u00e8s Ferr\u00e9 &hellip; <a href=\"https:\/\/bisbalpenedes.com\/web\/2023\/12\/29\/lalcaldessa-i-el-regidor-densenyament-han-traslladat-a-la-directora-dels-serveis-territorials-deducacio-la-necessitat-dampliar-lescola-bisbalenca\/\" class=\"more-link\">Read More<\/a><\/p>\n","protected":false},"author":4,"featured_media":28634,"comment_status":"closed","ping_status":"closed","sticky":false,"template":"","format":"standard","meta":[],"categories":[2057,3456,8],"tags":[459,862,393,1374,222],"_links":{"self":[{"href":"https:\/\/bisbalpenedes.com\/web\/wp-json\/wp\/v2\/posts\/28633"}],"collection":[{"href":"https:\/\/bisbalpenedes.com\/web\/wp-json\/wp\/v2\/posts"}],"about":[{"href":"https:\/\/bisbalpenedes.com\/web\/wp-json\/wp\/v2\/types\/post"}],"author":[{"embeddable":true,"href":"https:\/\/bisbalpenedes.com\/web\/wp-json\/wp\/v2\/users\/4"}],"replies":[{"embeddable":true,"href":"https:\/\/bisbalpenedes.com\/web\/wp-json\/wp\/v2\/comments?post=28633"}],"version-history":[{"count":1,"href":"https:\/\/bisbalpenedes.com\/web\/wp-json\/wp\/v2\/posts\/28633\/revisions"}],"predecessor-version":[{"id":28636,"href":"https:\/\/bisbalpenedes.com\/web\/wp-json\/wp\/v2\/posts\/28633\/revisions\/28636"}],"wp:featuredmedia":[{"embeddable":true,"href":"https:\/\/bisbalpenedes.com\/web\/wp-json\/wp\/v2\/media\/28634"}],"wp:attachment":[{"href":"https:\/\/bisbalpenedes.com\/web\/wp-json\/wp\/v2\/media?parent=28633"}],"wp:term":[{"taxonomy":"category","embeddable":true,"href":"https:\/\/bisbalpenedes.com\/web\/wp-json\/wp\/v2\/categories?post=28633"},{"taxonomy":"post_tag","embeddable":true,"href":"https:\/\/bisbalpenedes.com\/web\/wp-json\/wp\/v2\/tags?post=28633"}],"curies":[{"name":"wp","href":"https:\/\/api.w.org\/{rel}","templated":true}]}}