{"id":28626,"date":"2023-12-28T13:41:35","date_gmt":"2023-12-28T11:41:35","guid":{"rendered":"https:\/\/bisbalpenedes.com\/web\/?p=28626"},"modified":"2023-12-28T13:44:31","modified_gmt":"2023-12-28T11:44:31","slug":"reserveu-vos-els-dies-20-i-21-de-gener-inaugurarem-el-pavello-municipal","status":"publish","type":"post","link":"https:\/\/bisbalpenedes.com\/web\/2023\/12\/28\/reserveu-vos-els-dies-20-i-21-de-gener-inaugurarem-el-pavello-municipal\/","title":{"rendered":"Reserveu-vos els dies 20 i 21 de gener: inaugurarem el pavell\u00f3 municipal!"},"content":{"rendered":"\n<p>Els dies 20 i 21 de gener inaugurarem el pavell\u00f3 municipal!<\/p>\n\n\n\n<p>Reserveu-vos les dates, perqu\u00e8 farem activitats per a totes les edats. Ser\u00e0 un cap de setmana per gaudir del pavell\u00f3 i de l\u2019esport!<\/p>\n\n\n\n<p>Tots els bisbalencs i totes les entitats hi esteu convidades perqu\u00e8, aquest pavell\u00f3, \u00e9s de tots i totes!<\/p>\n\n\n\n<p>Aviat obrirem inscripcions per a les activitats que farem aquell cap de setmana, estigueu atents i atentes!<\/p>\n\n\n\n<hr class=\"wp-block-separator has-alpha-channel-opacity\"\/>\n\n\n\n<p><strong>CASTELLANO |<\/strong> \u00a1Los d\u00edas 20 y 21 de enero inauguraremos el pabell\u00f3n municipal!<\/p>\n\n\n\n<p>Reservaos las fechas, porque haremos actividades para todas las edades \u00a1Ser\u00e1 un fin de semana para disfrutar del pabell\u00f3n y del deporte!<\/p>\n\n\n\n<p>Todos los bisbalencs y todas las entidades est\u00e1is invitadas porque, este pabell\u00f3n, \u00a1es de todos y todas!<\/p>\n\n\n\n<p>Pronto abriremos inscripciones para las actividades que haremos aquel fin de semana, \u00a1estad atentos y atentas!<\/p>\n","protected":false},"excerpt":{"rendered":"<p>Els dies 20 i 21 de gener inaugurarem el pavell\u00f3 municipal! Reserveu-vos les dates, perqu\u00e8 farem activitats per a totes les edats. Ser\u00e0 un cap de setmana per gaudir del &hellip; <a href=\"https:\/\/bisbalpenedes.com\/web\/2023\/12\/28\/reserveu-vos-els-dies-20-i-21-de-gener-inaugurarem-el-pavello-municipal\/\" class=\"more-link\">Read More<\/a><\/p>\n","protected":false},"author":4,"featured_media":28627,"comment_status":"closed","ping_status":"closed","sticky":false,"template":"","format":"standard","meta":[],"categories":[2942,19,8],"tags":[230,459,368,393,2444,3146],"_links":{"self":[{"href":"https:\/\/bisbalpenedes.com\/web\/wp-json\/wp\/v2\/posts\/28626"}],"collection":[{"href":"https:\/\/bisbalpenedes.com\/web\/wp-json\/wp\/v2\/posts"}],"about":[{"href":"https:\/\/bisbalpenedes.com\/web\/wp-json\/wp\/v2\/types\/post"}],"author":[{"embeddable":true,"href":"https:\/\/bisbalpenedes.com\/web\/wp-json\/wp\/v2\/users\/4"}],"replies":[{"embeddable":true,"href":"https:\/\/bisbalpenedes.com\/web\/wp-json\/wp\/v2\/comments?post=28626"}],"version-history":[{"count":2,"href":"https:\/\/bisbalpenedes.com\/web\/wp-json\/wp\/v2\/posts\/28626\/revisions"}],"predecessor-version":[{"id":28629,"href":"https:\/\/bisbalpenedes.com\/web\/wp-json\/wp\/v2\/posts\/28626\/revisions\/28629"}],"wp:featuredmedia":[{"embeddable":true,"href":"https:\/\/bisbalpenedes.com\/web\/wp-json\/wp\/v2\/media\/28627"}],"wp:attachment":[{"href":"https:\/\/bisbalpenedes.com\/web\/wp-json\/wp\/v2\/media?parent=28626"}],"wp:term":[{"taxonomy":"category","embeddable":true,"href":"https:\/\/bisbalpenedes.com\/web\/wp-json\/wp\/v2\/categories?post=28626"},{"taxonomy":"post_tag","embeddable":true,"href":"https:\/\/bisbalpenedes.com\/web\/wp-json\/wp\/v2\/tags?post=28626"}],"curies":[{"name":"wp","href":"https:\/\/api.w.org\/{rel}","templated":true}]}}