{"id":28595,"date":"2023-12-22T12:49:52","date_gmt":"2023-12-22T10:49:52","guid":{"rendered":"https:\/\/bisbalpenedes.com\/web\/?p=28595"},"modified":"2023-12-22T12:49:52","modified_gmt":"2023-12-22T10:49:52","slug":"el-projecte-tarraco-el-nou-centre-logistic-daffinity-i-gb-foods-a-espanya-ha-guanyat-el-premi-cel-excelencia-logistica-2023","status":"publish","type":"post","link":"https:\/\/bisbalpenedes.com\/web\/2023\/12\/22\/el-projecte-tarraco-el-nou-centre-logistic-daffinity-i-gb-foods-a-espanya-ha-guanyat-el-premi-cel-excelencia-logistica-2023\/","title":{"rendered":"El Projecte &#8220;Tarraco, el nou centre log\u00edstic d&#8217;Affinity i GB Foods a Espanya&#8221; ha guanyat el Premi CEL Excelencia Log\u00edstica 2023"},"content":{"rendered":"\n<p>El Projecte &#8220;Tarraco, el nou centre log\u00edstic d&#8217;Affinity i GB Foods a Espanya&#8221; ha guanyat el Premi CEL Excelencia Log\u00edstica 2023, patrocinat per AENOR. Es tracta del premi m\u00e9s prestigi\u00f3s del sector log\u00edstic i suposa un reconeixement a la feina que s&#8217;ha fet i s&#8217;est\u00e0 fent al centre log\u00edstic de la Bisbal del Pened\u00e8s.<\/p>\n\n\n\n<p>Des d&#8217;aqu\u00ed volem felicitar l&#8217;empresa i agrair als seus representants que citessin l&#8217;Ajuntament de la Bisbal quan van citar els col\u00b7laboradors que ha tingut aquesta empresa, que va comen\u00e7ar a operar fa poc m\u00e9s d&#8217;un any al nostre municipi.<\/p>\n\n\n\n<hr class=\"wp-block-separator has-alpha-channel-opacity\"\/>\n\n\n\n<p><strong>CASTELLANO | <\/strong>El Proyecto &#8220;Tarraco, el nuevo centro log\u00edstico de Affinity y GB Foods en Espa\u00f1a&#8221; ha ganado el Premio CEL Excelencia Log\u00edstica 2023, patrocinado por AENOR. Se trata del premio m\u00e1s prestigioso del sector log\u00edstico y supone un reconocimiento al trabajo que se ha hecho y se est\u00e1 haciendo en el centro log\u00edstico de la Bisbal del Pened\u00e8s.<\/p>\n\n\n\n<p>Desde aqu\u00ed queremos felicitar a la empresa y agradecerle a sus representantes que citasen al Ajuntament de la Bisbal cuando citaron a los colaboradores que ha tenido la empresa, que se empez\u00f3 a operar hace poco m\u00e1s de un a\u00f1o en nuestro municipio.<\/p>\n","protected":false},"excerpt":{"rendered":"<p>El Projecte &#8220;Tarraco, el nou centre log\u00edstic d&#8217;Affinity i GB Foods a Espanya&#8221; ha guanyat el Premi CEL Excelencia Log\u00edstica 2023, patrocinat per AENOR. Es tracta del premi m\u00e9s prestigi\u00f3s &hellip; <a href=\"https:\/\/bisbalpenedes.com\/web\/2023\/12\/22\/el-projecte-tarraco-el-nou-centre-logistic-daffinity-i-gb-foods-a-espanya-ha-guanyat-el-premi-cel-excelencia-logistica-2023\/\" class=\"more-link\">Read More<\/a><\/p>\n","protected":false},"author":4,"featured_media":28596,"comment_status":"closed","ping_status":"closed","sticky":false,"template":"","format":"standard","meta":[],"categories":[3822,8],"tags":[4780,6405,393,644,343],"_links":{"self":[{"href":"https:\/\/bisbalpenedes.com\/web\/wp-json\/wp\/v2\/posts\/28595"}],"collection":[{"href":"https:\/\/bisbalpenedes.com\/web\/wp-json\/wp\/v2\/posts"}],"about":[{"href":"https:\/\/bisbalpenedes.com\/web\/wp-json\/wp\/v2\/types\/post"}],"author":[{"embeddable":true,"href":"https:\/\/bisbalpenedes.com\/web\/wp-json\/wp\/v2\/users\/4"}],"replies":[{"embeddable":true,"href":"https:\/\/bisbalpenedes.com\/web\/wp-json\/wp\/v2\/comments?post=28595"}],"version-history":[{"count":1,"href":"https:\/\/bisbalpenedes.com\/web\/wp-json\/wp\/v2\/posts\/28595\/revisions"}],"predecessor-version":[{"id":28597,"href":"https:\/\/bisbalpenedes.com\/web\/wp-json\/wp\/v2\/posts\/28595\/revisions\/28597"}],"wp:featuredmedia":[{"embeddable":true,"href":"https:\/\/bisbalpenedes.com\/web\/wp-json\/wp\/v2\/media\/28596"}],"wp:attachment":[{"href":"https:\/\/bisbalpenedes.com\/web\/wp-json\/wp\/v2\/media?parent=28595"}],"wp:term":[{"taxonomy":"category","embeddable":true,"href":"https:\/\/bisbalpenedes.com\/web\/wp-json\/wp\/v2\/categories?post=28595"},{"taxonomy":"post_tag","embeddable":true,"href":"https:\/\/bisbalpenedes.com\/web\/wp-json\/wp\/v2\/tags?post=28595"}],"curies":[{"name":"wp","href":"https:\/\/api.w.org\/{rel}","templated":true}]}}