{"id":28591,"date":"2023-12-21T21:22:32","date_gmt":"2023-12-21T19:22:32","guid":{"rendered":"https:\/\/bisbalpenedes.com\/web\/?p=28591"},"modified":"2023-12-21T21:26:19","modified_gmt":"2023-12-21T19:26:19","slug":"lajuntament-de-la-bisbal-del-penedes-presenta-recurs-dalcada-contra-el-projecte-de-la-laat-que-preveu-installar-6-torres-de-mes-de-50m-dalcada-al-municipi","status":"publish","type":"post","link":"https:\/\/bisbalpenedes.com\/web\/2023\/12\/21\/lajuntament-de-la-bisbal-del-penedes-presenta-recurs-dalcada-contra-el-projecte-de-la-laat-que-preveu-installar-6-torres-de-mes-de-50m-dalcada-al-municipi\/","title":{"rendered":"L\u2019Ajuntament de la Bisbal del Pened\u00e8s presenta recurs d\u2019al\u00e7ada contra el projecte de la LAAT, que preveu instal\u00b7lar 6 torres de m\u00e9s de 50m d\u2019al\u00e7ada al municipi"},"content":{"rendered":"\n<p>Aquest dimecres 20 de desembre, l\u2019alcaldessa de la Bisbal del Pened\u00e8s ha signat un Decret d\u2019alcaldia interposant un recurs d\u2019al\u00e7ada, davant la Secretaria de l\u2019Estat d\u2019energia del Ministeri per la transici\u00f3 ecol\u00f2gica i el repte demogr\u00e0fic.<\/p>\n\n\n\n<p>El recurs d\u2019al\u00e7ada \u00e9s contra la Resoluci\u00f3 de la Direcci\u00f3 General de Pol\u00edtica Energ\u00e8tica i Mines, del 20 de novembre, per la qual s&#8217;atorga a Energia Inagotable de Cerbero S.L., autoritzaci\u00f3 administrativa pr\u00e8via per al parc e\u00f2lic Cerbero, de 42 MW de pot\u00e8ncia instal\u00b7lada, i les seves infraestructures d&#8217;evacuaci\u00f3, en els termes municipals de Maella, Mazale\u00f3n, Alca\u00f1\u00edz, Valdealgorfa, la Bisbal del Pened\u00e8s, Lloren\u00e7 del Pened\u00e8s, Banyeres del Pened\u00e8s, Bellvei, Castellet i la Gornal, Cubelles i Vilanova i la Geltr\u00fa.<\/p>\n\n\n\n<p>L\u2019Ajuntament ja va presentar al\u00b7legacions a l\u2019autoritzaci\u00f3 administrativa pr\u00e8via d\u2019Impacte Ambiental del projecte Peol-540.<\/p>\n\n\n\n<p>El projecte al que s\u2019oposa l\u2019Ajuntament de la Bisbal del Pened\u00e8s \u00e9s el projecte PEol-540 AC, presentat per Energ\u00edas Renovables de Ormonde 36 SL, que compr\u00e8n els parcs e\u00f2lics CERBERO, MENECIO, OALAS, PERSES, ODISEO, SELENE i CRET\u00d3N i les seves infraestructures, al seu pas pel municipi. Aquest projecte va ser entrat per registre el gener de 2022 a l\u2019Ajuntament de la Bisbal del Pened\u00e8s. L\u2019alcaldessa de la Bisbal del Pened\u00e8s, Agn\u00e8s Ferr\u00e9, ha explicat que <em>\u201cl\u2019Ajuntament de la Bisbal s\u2019oposava i se segueix oposant al projecte, tal com va fer amb el projecte de la MAT, que es va presentar l\u2019any passat, perqu\u00e8 es tracta d\u2019una nova l\u00ednia de transport energ\u00e8tic que no ha tingut en compte el territori i que pret\u00e9n instal\u00b7lar 6 torres de m\u00e9s de 50 metres d\u2019al\u00e7ada a la Bisbal del Pened\u00e8s. La l\u00ednia \u00e9s per portar energia renovable de l\u2019Arag\u00f3 fins a l\u2019\u00e0rea metropolitana, sense deixar cap mena de benefici al territori que, quedaria trinxat i, fins i tot, passaria per s\u00f2l de protecci\u00f3 especial\u201d.<\/em><\/p>\n\n\n\n<p>Aquest projecte \u00e9s de l\u2019empresa Forestalia, que planteja portar energia des de parcs e\u00f2lics de l\u2019Arag\u00f3 fins a l\u2019\u00e0rea metropolitana de Barcelona, utilitzant el territori com a zona de pas. Es tracta d\u2019una l\u00ednia a\u00e8ria d\u2019alta tensi\u00f3 (LAAT) a 400 kV, que va des de la torre d\u2019alta tensi\u00f3 416 (l\u00ednia projectada Valmuel Begues \u2013 CS Promotores Begues) fins a la SET Garraf a Vilanova i la Geltr\u00fa. La l\u00ednia t\u00e9 una longitud de 20,82 km i afecta els termes municipals de la Bisbal del Pened\u00e8s, Lloren\u00e7 del Pened\u00e8s, Banyeres del Pened\u00e8s, Bellvei, Castellet i la Gornal, Cubelles i Vilanova i la Geltr\u00fa. D\u2019aquests quil\u00f2metres de l\u00ednia, 2,02km estan dins del terme municipal de la Bisbal del Pened\u00e8s i corresponen a 6 l\u00ednies d\u2019alta tensi\u00f3.<\/p>\n\n\n\n<p>La batllessa bisbalenca considera que <em>\u201cles infraestructures d\u2019energia renovable han de ser de proximitat i aprofitant espais, com per exemple les autopistes. Es podrien instal\u00b7lar panells solars per tota la mitjana de l\u2019autopista de Zaragoza fins a Barcelona sense haver d\u2019hipotecar espais naturals ni rurals. \u00c9s inconcebible que es cre\u00efn zones d\u2019energies renovables a llarga dist\u00e0ncia pel benefici d\u2019uns quants\u201d.<\/em><\/p>\n\n\n\n<hr class=\"wp-block-separator has-alpha-channel-opacity\"\/>\n\n\n\n<p><strong>CASTELLANO |<\/strong> Este mi\u00e9rcoles 20 de diciembre, la alcaldesa de la Bisbal del Pened\u00e8s ha firmado un Decreto de alcald\u00eda interponiendo un recurso de alzada, ante la Secretar\u00eda del Estado de energ\u00eda del Ministerio para la transici\u00f3n ecol\u00f3gica y el reto demogr\u00e1fico.<\/p>\n\n\n\n<p>El recurso de altura es contra la Resoluci\u00f3n de la Direcci\u00f3n General de Pol\u00edtica Energ\u00e9tica y Minas, del 20 de noviembre, por la cual se otorga a Energ\u00eda Inagotable de Cerbero S.L., autorizaci\u00f3n administrativa previa para el parque e\u00f3lico Cerbero, de 42 MW de potencia instalada, y sus infraestructuras de evacuaci\u00f3n, en los t\u00e9rminos municipales de Maella, Mazale\u00f3n, Alca\u00f1\u00edz, Valdealgorfa, la Bisbal del Pened\u00e8s, Llren\u00e7 del Pened\u00e8s, Banyeres del Pened\u00e8s, Bellvei, Castellet i la Gornal, Cubelles y Vilanova i la Geltr\u00fa.<\/p>\n\n\n\n<p>El Ayuntamiento ya present\u00f3 alegaciones a la autorizaci\u00f3n administrativa previa de Impacto Ambiental del proyecto Peol-540.<\/p>\n\n\n\n<p>El proyecto al que se opone el Ayuntamiento de la Bisbal del Pened\u00e8s es el proyecto PEol-540 AC, presentado por Energ\u00edas Renovables de Ormonde 36 SL, que comprende los parques e\u00f3licos CERBERO, MENECIO, OALAS, PERSES, ODISEO, SELENE y CRET\u00d3N y sus infraestructuras, en su paso por el municipio. Este proyecto fue entrado por registro en enero de 2022 el Ayuntamiento de la Bisbal del Pened\u00e8s. La alcaldesa de la Bisbal del Pened\u00e8s, Agn\u00e8s Ferr\u00e9, ha explicado que <em>&#8220;el Ajuntament de la Bisbal del Pened\u00e8s se opon\u00eda y se sigue oponiendo al proyecto, tal como hizo con el proyecto de la MAT, que se present\u00f3 el a\u00f1o pasado, porque se trata de una nueva l\u00ednea de transporte energ\u00e9tico que no ha tenido en cuenta el territorio y que pretende instalar 6 torres de m\u00e1s de 50 metros de altura en la Bisbal del Pened\u00e8s. La l\u00ednea es para llevar energ\u00eda renovable del Arag\u00f3n hasta el \u00e1rea metropolitana, sin dejar ning\u00fan tipo de beneficio en el territorio que, quedar\u00eda trinchado e, incluso, pasar\u00eda por suelo de protecci\u00f3n especial&#8221;.<\/em><\/p>\n\n\n\n<p>Este proyecto es de la empresa Forestalia, que plantea llevar energ\u00eda desde parques e\u00f3licos de Arag\u00f3n hasta el \u00e1rea metropolitana de Barcelona, utilizando el territorio como zona de paso. Se trata de una l\u00ednea a\u00e9rea de alta tensi\u00f3n (LAAT) a 400 kV, que va desde la torre de alta tensi\u00f3n 416 (l\u00ednea proyectada Valmuel Begues &#8211; CS Promotores Begues) hasta la SET Garraf en Vilanova i la Geltr\u00fa. La l\u00ednea tiene una longitud de 20,82 km y afecta a los t\u00e9rminos municipales de la Bisbal del Pened\u00e8s, Lloren\u00e7 del Pened\u00e8s, Banyeres del Pened\u00e8s, Bellvei, Castellet i la Gornal, Cubelles y Vilanova i la Geltr\u00fa. De estos quil\u00f3metros de l\u00ednea, 2,02 km est\u00e1n dentro del t\u00e9rmino municipal de la Bisbal del Pened\u00e8s y corresponden a 6 l\u00edneas de alta tensi\u00f3n.<\/p>\n\n\n\n<p>La alcaldesa bisbalenca considera que <em>&#8220;las infraestructuras de energ\u00eda renovable tienen que ser de proximidad y aprovechando espacios, como por ejemplo las autopistas. Se podr\u00edan instalar paneles solares por toda la mediana de la autopista de Zaragoza hasta Barcelona sin tener que hipotecar espacios naturales ni rurales. Es inconcebible que se creen zonas de energ\u00edas renovables a larga distancia para el beneficio de unos cuantos&#8221;.<\/em><\/p>\n","protected":false},"excerpt":{"rendered":"<p>Aquest dimecres 20 de desembre, l\u2019alcaldessa de la Bisbal del Pened\u00e8s ha signat un Decret d\u2019alcaldia interposant un recurs d\u2019al\u00e7ada, davant la Secretaria de l\u2019Estat d\u2019energia del Ministeri per la &hellip; <a href=\"https:\/\/bisbalpenedes.com\/web\/2023\/12\/21\/lajuntament-de-la-bisbal-del-penedes-presenta-recurs-dalcada-contra-el-projecte-de-la-laat-que-preveu-installar-6-torres-de-mes-de-50m-dalcada-al-municipi\/\" class=\"more-link\">Read More<\/a><\/p>\n","protected":false},"author":4,"featured_media":27417,"comment_status":"closed","ping_status":"closed","sticky":false,"template":"","format":"standard","meta":[],"categories":[2057,8],"tags":[6404,393,5133,4761,6403],"_links":{"self":[{"href":"https:\/\/bisbalpenedes.com\/web\/wp-json\/wp\/v2\/posts\/28591"}],"collection":[{"href":"https:\/\/bisbalpenedes.com\/web\/wp-json\/wp\/v2\/posts"}],"about":[{"href":"https:\/\/bisbalpenedes.com\/web\/wp-json\/wp\/v2\/types\/post"}],"author":[{"embeddable":true,"href":"https:\/\/bisbalpenedes.com\/web\/wp-json\/wp\/v2\/users\/4"}],"replies":[{"embeddable":true,"href":"https:\/\/bisbalpenedes.com\/web\/wp-json\/wp\/v2\/comments?post=28591"}],"version-history":[{"count":2,"href":"https:\/\/bisbalpenedes.com\/web\/wp-json\/wp\/v2\/posts\/28591\/revisions"}],"predecessor-version":[{"id":28593,"href":"https:\/\/bisbalpenedes.com\/web\/wp-json\/wp\/v2\/posts\/28591\/revisions\/28593"}],"wp:featuredmedia":[{"embeddable":true,"href":"https:\/\/bisbalpenedes.com\/web\/wp-json\/wp\/v2\/media\/27417"}],"wp:attachment":[{"href":"https:\/\/bisbalpenedes.com\/web\/wp-json\/wp\/v2\/media?parent=28591"}],"wp:term":[{"taxonomy":"category","embeddable":true,"href":"https:\/\/bisbalpenedes.com\/web\/wp-json\/wp\/v2\/categories?post=28591"},{"taxonomy":"post_tag","embeddable":true,"href":"https:\/\/bisbalpenedes.com\/web\/wp-json\/wp\/v2\/tags?post=28591"}],"curies":[{"name":"wp","href":"https:\/\/api.w.org\/{rel}","templated":true}]}}