{"id":2856,"date":"2017-07-16T01:24:07","date_gmt":"2017-07-15T19:24:07","guid":{"rendered":"http:\/\/bisbalpenedes.com\/web\/?p=2856"},"modified":"2017-07-16T01:24:07","modified_gmt":"2017-07-15T19:24:07","slug":"lajuntament-de-la-bisbal-ha-demanat-una-subvencio-per-asfaltar-el-tram-dacces-de-lantiga-carretera-del-vendrell-a-valls-al-carrer-vall-daran-de-pineda-de-santa-cristina","status":"publish","type":"post","link":"https:\/\/bisbalpenedes.com\/web\/2017\/07\/16\/lajuntament-de-la-bisbal-ha-demanat-una-subvencio-per-asfaltar-el-tram-dacces-de-lantiga-carretera-del-vendrell-a-valls-al-carrer-vall-daran-de-pineda-de-santa-cristina\/","title":{"rendered":"L&#8217;Ajuntament de la Bisbal ha demanat una subvenci\u00f3 per asfaltar el tram d&#8217;acc\u00e9s de l&#8217;antiga carretera del Vendrell a Valls al carrer Vall d&#8217;Aran de Pineda de Santa Cristina"},"content":{"rendered":"<div id='gallery-1' class='gallery galleryid-2856 gallery-columns-5 gallery-size-thumbnail'><figure class='gallery-item'>\n\t\t\t<div class='gallery-icon landscape'>\n\t\t\t\t<a href='https:\/\/bisbalpenedes.com\/web\/2017\/07\/16\/lajuntament-de-la-bisbal-ha-demanat-una-subvencio-per-asfaltar-el-tram-dacces-de-lantiga-carretera-del-vendrell-a-valls-al-carrer-vall-daran-de-pineda-de-santa-cristina\/img_8535\/'><img width=\"150\" height=\"150\" src=\"https:\/\/bisbalpenedes.com\/web\/wp-content\/uploads\/2017\/07\/IMG_8535-150x150.jpg\" class=\"attachment-thumbnail size-thumbnail\" alt=\"\" loading=\"lazy\" srcset=\"https:\/\/bisbalpenedes.com\/web\/wp-content\/uploads\/2017\/07\/IMG_8535-150x150.jpg 150w, https:\/\/bisbalpenedes.com\/web\/wp-content\/uploads\/2017\/07\/IMG_8535-300x300.jpg 300w, https:\/\/bisbalpenedes.com\/web\/wp-content\/uploads\/2017\/07\/IMG_8535-100x100.jpg 100w\" sizes=\"(max-width: 150px) 100vw, 150px\" \/><\/a>\n\t\t\t<\/div><\/figure><figure class='gallery-item'>\n\t\t\t<div class='gallery-icon landscape'>\n\t\t\t\t<a href='https:\/\/bisbalpenedes.com\/web\/2017\/07\/16\/lajuntament-de-la-bisbal-ha-demanat-una-subvencio-per-asfaltar-el-tram-dacces-de-lantiga-carretera-del-vendrell-a-valls-al-carrer-vall-daran-de-pineda-de-santa-cristina\/img_8536\/'><img width=\"150\" height=\"150\" src=\"https:\/\/bisbalpenedes.com\/web\/wp-content\/uploads\/2017\/07\/IMG_8536-150x150.jpg\" class=\"attachment-thumbnail size-thumbnail\" alt=\"\" loading=\"lazy\" srcset=\"https:\/\/bisbalpenedes.com\/web\/wp-content\/uploads\/2017\/07\/IMG_8536-150x150.jpg 150w, https:\/\/bisbalpenedes.com\/web\/wp-content\/uploads\/2017\/07\/IMG_8536-300x300.jpg 300w, https:\/\/bisbalpenedes.com\/web\/wp-content\/uploads\/2017\/07\/IMG_8536-100x100.jpg 100w\" sizes=\"(max-width: 150px) 100vw, 150px\" \/><\/a>\n\t\t\t<\/div><\/figure><figure class='gallery-item'>\n\t\t\t<div class='gallery-icon landscape'>\n\t\t\t\t<a href='https:\/\/bisbalpenedes.com\/web\/2017\/07\/16\/lajuntament-de-la-bisbal-ha-demanat-una-subvencio-per-asfaltar-el-tram-dacces-de-lantiga-carretera-del-vendrell-a-valls-al-carrer-vall-daran-de-pineda-de-santa-cristina\/img_8543\/'><img width=\"150\" height=\"150\" src=\"https:\/\/bisbalpenedes.com\/web\/wp-content\/uploads\/2017\/07\/IMG_8543-150x150.jpg\" class=\"attachment-thumbnail size-thumbnail\" alt=\"\" loading=\"lazy\" srcset=\"https:\/\/bisbalpenedes.com\/web\/wp-content\/uploads\/2017\/07\/IMG_8543-150x150.jpg 150w, https:\/\/bisbalpenedes.com\/web\/wp-content\/uploads\/2017\/07\/IMG_8543-300x300.jpg 300w, https:\/\/bisbalpenedes.com\/web\/wp-content\/uploads\/2017\/07\/IMG_8543-100x100.jpg 100w\" sizes=\"(max-width: 150px) 100vw, 150px\" \/><\/a>\n\t\t\t<\/div><\/figure>\n\t\t<\/div>\n\n<p>L\u2019Ajuntament de La Bisbal del Pened\u00e8s ha demanat una subvenci\u00f3 al Departament de Governaci\u00f3, Administracions P\u00fabliques i Habitatge, dins de la convocat\u00f2ria d\u2019inversions en camins 2018\/2020 per arreglar el cam\u00ed municipal d\u2019acc\u00e9s a la urbanitzaci\u00f3 Pineda de Santa Cristina, \u00e9s a dir, el cam\u00ed que d\u00f3na acc\u00e9s al carrer Vall d\u2019Aran. Tot i que des de Carreteres del Departament de Territori i Sostenibilitat de la Generalitat de Catalunya es va asfaltar una part del carrer, va quedar una zona sense asfaltat i l\u2019Ajuntament de La Bisbal vol acabar aquest tram, ja que forma part de la xarxa principal de camins del municipi i t\u00e9 un \u00fas freq\u00fcent de vehicles. De fet es tracta del tram que uneix la urbanitzaci\u00f3 amb l\u2019antiga carretera del Vendrell a Valls.\u00a0L&#8217;import de la subvenci\u00f3 que s\u2019ha demanat fer aquesta actuaci\u00f3 \u00e9s de 34.306,37\u20ac. Des de l\u2019Ajuntament us comunicarem si se\u2019ns atorga i, en cas que aix\u00ed sigui, us informarem de les dates en qu\u00e8 es far\u00e0 l\u2019actuaci\u00f3.<\/p>\n","protected":false},"excerpt":{"rendered":"<p>L\u2019Ajuntament de La Bisbal del Pened\u00e8s ha demanat una subvenci\u00f3 al Departament de Governaci\u00f3, Administracions P\u00fabliques i Habitatge, dins de la convocat\u00f2ria d\u2019inversions en camins 2018\/2020 per arreglar el cam\u00ed &hellip; <a href=\"https:\/\/bisbalpenedes.com\/web\/2017\/07\/16\/lajuntament-de-la-bisbal-ha-demanat-una-subvencio-per-asfaltar-el-tram-dacces-de-lantiga-carretera-del-vendrell-a-valls-al-carrer-vall-daran-de-pineda-de-santa-cristina\/\" class=\"more-link\">Read More<\/a><\/p>\n","protected":false},"author":4,"featured_media":0,"comment_status":"closed","ping_status":"closed","sticky":false,"template":"","format":"standard","meta":[],"categories":[15],"tags":[387,364,34,622,623,99,621],"_links":{"self":[{"href":"https:\/\/bisbalpenedes.com\/web\/wp-json\/wp\/v2\/posts\/2856"}],"collection":[{"href":"https:\/\/bisbalpenedes.com\/web\/wp-json\/wp\/v2\/posts"}],"about":[{"href":"https:\/\/bisbalpenedes.com\/web\/wp-json\/wp\/v2\/types\/post"}],"author":[{"embeddable":true,"href":"https:\/\/bisbalpenedes.com\/web\/wp-json\/wp\/v2\/users\/4"}],"replies":[{"embeddable":true,"href":"https:\/\/bisbalpenedes.com\/web\/wp-json\/wp\/v2\/comments?post=2856"}],"version-history":[{"count":2,"href":"https:\/\/bisbalpenedes.com\/web\/wp-json\/wp\/v2\/posts\/2856\/revisions"}],"predecessor-version":[{"id":2861,"href":"https:\/\/bisbalpenedes.com\/web\/wp-json\/wp\/v2\/posts\/2856\/revisions\/2861"}],"wp:attachment":[{"href":"https:\/\/bisbalpenedes.com\/web\/wp-json\/wp\/v2\/media?parent=2856"}],"wp:term":[{"taxonomy":"category","embeddable":true,"href":"https:\/\/bisbalpenedes.com\/web\/wp-json\/wp\/v2\/categories?post=2856"},{"taxonomy":"post_tag","embeddable":true,"href":"https:\/\/bisbalpenedes.com\/web\/wp-json\/wp\/v2\/tags?post=2856"}],"curies":[{"name":"wp","href":"https:\/\/api.w.org\/{rel}","templated":true}]}}