{"id":28545,"date":"2023-12-16T14:02:33","date_gmt":"2023-12-16T12:02:33","guid":{"rendered":"https:\/\/bisbalpenedes.com\/web\/?p=28545"},"modified":"2023-12-16T14:22:13","modified_gmt":"2023-12-16T12:22:13","slug":"el-dissabte-23-de-desembre-a-les-18h-el-cmc-acollira-la-projeccio-de-la-pellicula-un-del-de-plom-del-cicle-gaudi","status":"publish","type":"post","link":"https:\/\/bisbalpenedes.com\/web\/2023\/12\/16\/el-dissabte-23-de-desembre-a-les-18h-el-cmc-acollira-la-projeccio-de-la-pellicula-un-del-de-plom-del-cicle-gaudi\/","title":{"rendered":"El dissabte 23 de desembre a les 18h el CMC acollir\u00e0 la projecci\u00f3 de la pel\u00b7l\u00edcula \u201cUn del de plom\u201d del Cicle Gaud\u00ed"},"content":{"rendered":"\n<figure class=\"wp-block-embed is-type-video is-provider-youtube wp-block-embed-youtube wp-embed-aspect-16-9 wp-has-aspect-ratio\"><div class=\"wp-block-embed__wrapper\">\n<iframe loading=\"lazy\" title=\"Cicle Gaud\u00ed: &quot;Un cel de plom&quot;\" width=\"1170\" height=\"658\" src=\"https:\/\/www.youtube.com\/embed\/jzK3VNno2vM?feature=oembed\" frameborder=\"0\" allow=\"accelerometer; autoplay; clipboard-write; encrypted-media; gyroscope; picture-in-picture; web-share\" allowfullscreen><\/iframe>\n<\/div><\/figure>\n\n\n\n<p>El dissabte 23 de desembre, a les 18h, l\u2019Auditori Salb\u00e0 del CMC acollir\u00e0 la projecci\u00f3 del film \u201cUn cel de plom\u201d del Cicle Gaud\u00ed.<\/p>\n\n\n\n<p><strong>FITXA T\u00c8CNICA<\/strong><\/p>\n\n\n\n<p><span style=\"text-decoration: underline;\">Direcci\u00f3:<\/span> Miquel Romans<\/p>\n\n\n\n<p><span style=\"text-decoration: underline;\">Gui\u00f3<\/span>: Lydia Zimmermann<\/p>\n\n\n\n<p><span style=\"text-decoration: underline;\">Productora<\/span>: Comando Gandules AIE, Principal Segona Films, CCMA, Arag\u00f3n TV i Zteady Pictures<\/p>\n\n\n\n<p><span style=\"text-decoration: underline;\">Estrena<\/span>: Abril 2023<\/p>\n\n\n\n<p><span style=\"text-decoration: underline;\">Durada:<\/span> 102 min.<\/p>\n\n\n\n<p><span style=\"text-decoration: underline;\">G\u00e8nere<\/span>: Drama hist\u00f2ric<\/p>\n\n\n\n<p><span style=\"text-decoration: underline;\">Versi\u00f3<\/span>: Original en catal\u00e0, franc\u00e8s i alemany<\/p>\n\n\n\n<p><span style=\"text-decoration: underline;\">Int\u00e8rprets:<\/span> Nausicaa Bonn\u00edn, Iria del R\u00edo, Rachel Lascar, Natalia Barrientos, Nuria Campbell<\/p>\n\n\n\n<p><strong>SINOPSI<\/strong><\/p>\n\n\n\n<p>L\u2019any 1945, amb l\u2019alliberament dels camps nazis, Neus Catal\u00e0, jove republicana feminista, torna a Fran\u00e7a despr\u00e9s d\u2019haver estat empresonada per l\u2019ex\u00e8rcit alemany. Mentre recupera la seva vida en llibertat, rememora els fets viscuts un any abans, quan amb un grup de dones va sabotejar la f\u00e0brica de producci\u00f3 de bales on els nazis les feien treballar, a Txecoslov\u00e0quia. Van ser conegudes com El Comando de les Gandules. Per\u00f2 la veritable resist\u00e8ncia de la Neus Catal\u00e0 tot just acaba de comen\u00e7ar: la lluita per la mem\u00f2ria.<\/p>\n\n\n\n<p>Com \u00e9s habitual, el preu de l\u2019entrada ser\u00e0 de 4,5\u20ac (general) i 3\u20ac per als espectadors que presentin el carnet de la Biblioteca p\u00fablica de la Bisbal del Pened\u00e8s. Els beneficis es destinaran a l\u2019entitat que gestioni la taquilla abans de la projecci\u00f3 (es fa un sorteig entre les entitats que volen fer aquesta tasca), en aquest cas l\u2019Associaci\u00f3 de Dones La Roca Foradada.<\/p>\n\n\n\n<hr class=\"wp-block-separator has-alpha-channel-opacity\"\/>\n\n\n\n<p><strong>CASTELLANO |&nbsp;<\/strong>El s\u00e1bado 23 de diciembre, a las 18h, el Auditori Salb\u00e0 del CMC acoger\u00e1 la proyecci\u00f3n del film \u201cUn cel de Plom\u201d del Cicle Gaud\u00ed.<\/p>\n\n\n\n<p><strong>FICHA T\u00c9CNICA<\/strong><\/p>\n\n\n\n<p><span style=\"text-decoration: underline;\">Direcci\u00f3n<\/span>: Miquel Romans<\/p>\n\n\n\n<p><span style=\"text-decoration: underline;\">Gui\u00f3n<\/span>: Lydia Zimmermann<\/p>\n\n\n\n<p><span style=\"text-decoration: underline;\">Productora:<\/span> Comando Gandules AIE, Principal Segona Films, CCMA, Arag\u00f3n TV y Zteady Pictures<\/p>\n\n\n\n<p><span style=\"text-decoration: underline;\">Estreno:<\/span> Abril 2023<\/p>\n\n\n\n<p><span style=\"text-decoration: underline;\">Duraci\u00f3n<\/span>: 102 min.<\/p>\n\n\n\n<p><span style=\"text-decoration: underline;\">G\u00e9nero<\/span>: Drama hist\u00f3rico<\/p>\n\n\n\n<p><span style=\"text-decoration: underline;\">Versi\u00f3n<\/span>: Original en catal\u00e1n, franc\u00e9s y alem\u00e1n<\/p>\n\n\n\n<p><span style=\"text-decoration: underline;\">Int\u00e9rpretes:<\/span> Nausicaa Bonn\u00edn, Iria del R\u00edo, Rachel Lascar, Natalia Barrientos, Nuria Campbell<\/p>\n\n\n\n<p><strong>SINOPSIS<\/strong><\/p>\n\n\n\n<p>En el a\u00f1o 1945, con la liberaci\u00f3n de los campos nazis, Neus Catal\u00e0, joven republicana feminista, vuele a Francia despu\u00e9s de haber sido encarcelada por el ej\u00e9rcito alem\u00e1n. Mientras recupera su vida en libertad, rememora los hechos vividos un a\u00f1o antes, cuando con un grupo de mujeres sabote\u00f3 la f\u00e1brica de producci\u00f3n de balas donde los nazis las hac\u00edan trabajar, en Checoslovaquia. Fueron conocidas como El Comando de las Gandulas. Per la verdadera resistencia de Neus Catal\u00e0, justo acaba de empezar: la lucha por la memoria.<\/p>\n\n\n\n<p>Como es habitual, el precio de la entrada ser\u00e1 de 4,5\u20ac (general) y 3\u20ac para los espectadores que presenten el carn\u00e9 de la Biblioteca p\u00fablica de la Bisbal del Pened\u00e8s. Los beneficios se destinar\u00e1n a la entidad que gestione la taquilla antes de la proyecci\u00f3n (se hace un sorteo entre las entidades que quieren hacer esta tarea), en este caso la Associaci\u00f3 de Dones la Roca Foradada.<\/p>\n","protected":false},"excerpt":{"rendered":"<p>El dissabte 23 de desembre, a les 18h, l\u2019Auditori Salb\u00e0 del CMC acollir\u00e0 la projecci\u00f3 del film \u201cUn cel de plom\u201d del Cicle Gaud\u00ed. FITXA T\u00c8CNICA Direcci\u00f3: Miquel Romans Gui\u00f3: &hellip; <a href=\"https:\/\/bisbalpenedes.com\/web\/2023\/12\/16\/el-dissabte-23-de-desembre-a-les-18h-el-cmc-acollira-la-projeccio-de-la-pellicula-un-del-de-plom-del-cicle-gaudi\/\" class=\"more-link\">Read More<\/a><\/p>\n","protected":false},"author":4,"featured_media":28546,"comment_status":"closed","ping_status":"closed","sticky":false,"template":"","format":"standard","meta":[],"categories":[2942,13,8],"tags":[459,308,393,771,1374,6396],"_links":{"self":[{"href":"https:\/\/bisbalpenedes.com\/web\/wp-json\/wp\/v2\/posts\/28545"}],"collection":[{"href":"https:\/\/bisbalpenedes.com\/web\/wp-json\/wp\/v2\/posts"}],"about":[{"href":"https:\/\/bisbalpenedes.com\/web\/wp-json\/wp\/v2\/types\/post"}],"author":[{"embeddable":true,"href":"https:\/\/bisbalpenedes.com\/web\/wp-json\/wp\/v2\/users\/4"}],"replies":[{"embeddable":true,"href":"https:\/\/bisbalpenedes.com\/web\/wp-json\/wp\/v2\/comments?post=28545"}],"version-history":[{"count":4,"href":"https:\/\/bisbalpenedes.com\/web\/wp-json\/wp\/v2\/posts\/28545\/revisions"}],"predecessor-version":[{"id":28550,"href":"https:\/\/bisbalpenedes.com\/web\/wp-json\/wp\/v2\/posts\/28545\/revisions\/28550"}],"wp:featuredmedia":[{"embeddable":true,"href":"https:\/\/bisbalpenedes.com\/web\/wp-json\/wp\/v2\/media\/28546"}],"wp:attachment":[{"href":"https:\/\/bisbalpenedes.com\/web\/wp-json\/wp\/v2\/media?parent=28545"}],"wp:term":[{"taxonomy":"category","embeddable":true,"href":"https:\/\/bisbalpenedes.com\/web\/wp-json\/wp\/v2\/categories?post=28545"},{"taxonomy":"post_tag","embeddable":true,"href":"https:\/\/bisbalpenedes.com\/web\/wp-json\/wp\/v2\/tags?post=28545"}],"curies":[{"name":"wp","href":"https:\/\/api.w.org\/{rel}","templated":true}]}}