{"id":28538,"date":"2023-12-16T13:29:08","date_gmt":"2023-12-16T11:29:08","guid":{"rendered":"https:\/\/bisbalpenedes.com\/web\/?p=28538"},"modified":"2023-12-16T13:31:06","modified_gmt":"2023-12-16T11:31:06","slug":"el-raco-de-la-gent-gran-ha-acollit-un-taller-de-risoterapia-aquesta-setmana","status":"publish","type":"post","link":"https:\/\/bisbalpenedes.com\/web\/2023\/12\/16\/el-raco-de-la-gent-gran-ha-acollit-un-taller-de-risoterapia-aquesta-setmana\/","title":{"rendered":"Aquesta setmana el Rac\u00f3 de la Gent Gran ha acollit un taller de risoter\u00e0pia amb persones de tot el municipi"},"content":{"rendered":"\n<p>Diuen que riure \u00e9s la millor medicina. Per aix\u00f2, el Rac\u00f3 de la Gent Gran ha acollit un taller de risoter\u00e0pia, aquest dimarts, condu\u00eft per Javier Rodr\u00edguez de Creixem Formaci\u00f3 (<a rel=\"noreferrer noopener\" href=\"https:\/\/panel.eagora.app\/comunicados\/www.creixemformacio.cat\" target=\"_blank\">www.creixemformacio.cat<\/a>). El Javier va viure a la Bisbal i, agra\u00eft per la rebuda i les viv\u00e8ncies que va tenir al nostre poble, ha volgut obsequiar la gent gran amb una sessi\u00f3 de risoter\u00e0pia.<\/p>\n\n\n\n<p>La Regidoria de la Gent Gran, juntament amb la coordinadora i les monitores de l\u2019empresa Pere Tarr\u00e9s, van reunir tots els usuaris dels serveis de dinamitzaci\u00f3 i gimn\u00e0stica per a la gent gran del municipi per gaudir d\u2019una tarda de rialles i un berenar.<\/p>\n\n\n\n<p>Des d\u2019aqu\u00ed li donem les gr\u00e0cies al Javier per la seva generositat i per haver fet passar una tan bona estona a la nostra gent gran. I a la Fundaci\u00f3 Pere Tarr\u00e9s li donem les gr\u00e0cies pel berenar. Vam passar una tarda molt amena i divertida!<\/p>\n\n\n\n<hr class=\"wp-block-separator has-alpha-channel-opacity\"\/>\n\n\n\n<p><strong>CASTELLANO | <\/strong>Dicen que la risa es la mejor medicina. Por eso, el Rac\u00f3 de la Gent Gran ha acogido un taller de risoterapia, este martes, conducido por Javier Rodr\u00edguez de Creixem Formaci\u00f3 (<a rel=\"noreferrer noopener\" href=\"https:\/\/panel.eagora.app\/comunicados\/www.creixemformacio.cat\" target=\"_blank\">www.creixemformacio.cat<\/a>). Javier vivi\u00f3 en la Bisbal y, agradecido por la acogida y las vivencias que tuvo en nuestro pueblo, ha querido obsequiar a la gente mayor con una sesi\u00f3n de risoterapia.<\/p>\n\n\n\n<p>La Concejal\u00eda de la Gente Mayor, junto con la coordinadora y las monitoras de la empresa Pere Tarr\u00e9s, reunieron a todos los usuarios de dinamizaci\u00f3n y gimnasia para la gente mayor del municipio para disfrutar de una tarde de risas y merienda.<\/p>\n\n\n\n<p>Desde aqu\u00ed le damos las gracias a Javier por su generosidad y por haber hecho pasar una tan buena tarde a nuestra gente mayor. Y a la Fundaci\u00f3n Pere Tarr\u00e9s le damos las gracias tambi\u00e9n por la merienda. \u00a1Pasamos una tarde muy amena y divertida!<\/p>\n\n\n\n<figure class=\"wp-block-image size-large\"><img loading=\"lazy\" width=\"1024\" height=\"461\" src=\"https:\/\/bisbalpenedes.com\/web\/wp-content\/uploads\/2023\/12\/image-2-1024x461.jpeg\" alt=\"\" class=\"wp-image-28539\" srcset=\"https:\/\/bisbalpenedes.com\/web\/wp-content\/uploads\/2023\/12\/image-2-1024x461.jpeg 1024w, https:\/\/bisbalpenedes.com\/web\/wp-content\/uploads\/2023\/12\/image-2-300x135.jpeg 300w, https:\/\/bisbalpenedes.com\/web\/wp-content\/uploads\/2023\/12\/image-2-768x346.jpeg 768w, https:\/\/bisbalpenedes.com\/web\/wp-content\/uploads\/2023\/12\/image-2-1536x692.jpeg 1536w, https:\/\/bisbalpenedes.com\/web\/wp-content\/uploads\/2023\/12\/image-2-600x270.jpeg 600w, https:\/\/bisbalpenedes.com\/web\/wp-content\/uploads\/2023\/12\/image-2.jpeg 1600w\" sizes=\"(max-width: 1024px) 100vw, 1024px\" \/><\/figure>\n\n\n\n<figure class=\"wp-block-image size-large\"><img loading=\"lazy\" width=\"1024\" height=\"461\" src=\"https:\/\/bisbalpenedes.com\/web\/wp-content\/uploads\/2023\/12\/image-3-1024x461.jpeg\" alt=\"\" class=\"wp-image-28540\" srcset=\"https:\/\/bisbalpenedes.com\/web\/wp-content\/uploads\/2023\/12\/image-3-1024x461.jpeg 1024w, https:\/\/bisbalpenedes.com\/web\/wp-content\/uploads\/2023\/12\/image-3-300x135.jpeg 300w, https:\/\/bisbalpenedes.com\/web\/wp-content\/uploads\/2023\/12\/image-3-768x346.jpeg 768w, https:\/\/bisbalpenedes.com\/web\/wp-content\/uploads\/2023\/12\/image-3-1536x691.jpeg 1536w, https:\/\/bisbalpenedes.com\/web\/wp-content\/uploads\/2023\/12\/image-3-600x270.jpeg 600w, https:\/\/bisbalpenedes.com\/web\/wp-content\/uploads\/2023\/12\/image-3.jpeg 1600w\" sizes=\"(max-width: 1024px) 100vw, 1024px\" \/><\/figure>\n","protected":false},"excerpt":{"rendered":"<p>Diuen que riure \u00e9s la millor medicina. Per aix\u00f2, el Rac\u00f3 de la Gent Gran ha acollit un taller de risoter\u00e0pia, aquest dimarts, condu\u00eft per Javier Rodr\u00edguez de Creixem Formaci\u00f3 &hellip; <a href=\"https:\/\/bisbalpenedes.com\/web\/2023\/12\/16\/el-raco-de-la-gent-gran-ha-acollit-un-taller-de-risoterapia-aquesta-setmana\/\" class=\"more-link\">Read More<\/a><\/p>\n","protected":false},"author":4,"featured_media":28541,"comment_status":"closed","ping_status":"closed","sticky":false,"template":"","format":"standard","meta":[],"categories":[464,8],"tags":[459,393,1374,2115,737],"_links":{"self":[{"href":"https:\/\/bisbalpenedes.com\/web\/wp-json\/wp\/v2\/posts\/28538"}],"collection":[{"href":"https:\/\/bisbalpenedes.com\/web\/wp-json\/wp\/v2\/posts"}],"about":[{"href":"https:\/\/bisbalpenedes.com\/web\/wp-json\/wp\/v2\/types\/post"}],"author":[{"embeddable":true,"href":"https:\/\/bisbalpenedes.com\/web\/wp-json\/wp\/v2\/users\/4"}],"replies":[{"embeddable":true,"href":"https:\/\/bisbalpenedes.com\/web\/wp-json\/wp\/v2\/comments?post=28538"}],"version-history":[{"count":3,"href":"https:\/\/bisbalpenedes.com\/web\/wp-json\/wp\/v2\/posts\/28538\/revisions"}],"predecessor-version":[{"id":28544,"href":"https:\/\/bisbalpenedes.com\/web\/wp-json\/wp\/v2\/posts\/28538\/revisions\/28544"}],"wp:featuredmedia":[{"embeddable":true,"href":"https:\/\/bisbalpenedes.com\/web\/wp-json\/wp\/v2\/media\/28541"}],"wp:attachment":[{"href":"https:\/\/bisbalpenedes.com\/web\/wp-json\/wp\/v2\/media?parent=28538"}],"wp:term":[{"taxonomy":"category","embeddable":true,"href":"https:\/\/bisbalpenedes.com\/web\/wp-json\/wp\/v2\/categories?post=28538"},{"taxonomy":"post_tag","embeddable":true,"href":"https:\/\/bisbalpenedes.com\/web\/wp-json\/wp\/v2\/tags?post=28538"}],"curies":[{"name":"wp","href":"https:\/\/api.w.org\/{rel}","templated":true}]}}