{"id":28534,"date":"2023-12-16T13:19:15","date_gmt":"2023-12-16T11:19:15","guid":{"rendered":"https:\/\/bisbalpenedes.com\/web\/?p=28534"},"modified":"2023-12-16T13:19:15","modified_gmt":"2023-12-16T11:19:15","slug":"lajuntament-de-la-bisbal-del-penedes-i-lassociacio-de-la-gent-gran-han-assistit-a-la-celebracio-del-consell-de-la-gent-gran","status":"publish","type":"post","link":"https:\/\/bisbalpenedes.com\/web\/2023\/12\/16\/lajuntament-de-la-bisbal-del-penedes-i-lassociacio-de-la-gent-gran-han-assistit-a-la-celebracio-del-consell-de-la-gent-gran\/","title":{"rendered":"L&#8217;Ajuntament de la Bisbal del Pened\u00e8s i l&#8217;Associaci\u00f3 de la Gent Gran han assistit a la Celebraci\u00f3 del Consell de la Gent Gran"},"content":{"rendered":"\n<p>La Regidoria de la Gent Gran i l\u2019Associaci\u00f3 de la Gent Gran de la Bisbal del Pened\u00e8s van assistir, el passat dimarts, a la celebraci\u00f3 del Consell de la Gent Gran a Bonastre. L\u2019acte va comptar amb la pres\u00e8ncia de representants de les llars de jubilats de tota la comarca que, durant l\u2019acte, van poder exposar les seves inquietuds i demandes al president del Consell Comarcal del Baix Pened\u00e8s, Ramon Ferr\u00e9; i al conseller delegat del Servei Especialitzat d\u2019Atenci\u00f3 a la Gent Gran, Paco Rocha.<br>Durant la trobada, tamb\u00e9 es va presentar una nova guia de recursos que s\u2019ha editat pensada per a aquest col\u00b7lectiu.<\/p>\n\n\n\n<hr class=\"wp-block-separator has-alpha-channel-opacity\"\/>\n\n\n\n<p><strong>CASTELLANO |<\/strong> La Concejal\u00eda de la Gente Mayor y la Associaci\u00f3 de la Gent Gran de la Bisbal del Pened\u00e8s asistieron, el pasado martes, a la celebraci\u00f3n del Consell de la Gent Gran en Bonastre. El acto cont\u00f3 con la presencia de representantes de las \u201cllars\u201d de jubilados de toda la comarca que, durante el acto, pudieron exponerles sus inquietudes y demandas al presidente del Consell Comarcal del Baix Pened\u00e8s, Ramon Ferr\u00e9; y al consejero delegado del Servicio Especializado de Atenci\u00f3n a la Gente Mayor, Paco Rocha.<br>Durante el encuentro, tambi\u00e9n se present\u00f3 una nueva gu\u00eda de recursos que se ha editado pensada para este colectivo.<\/p>\n\n\n\n<figure class=\"wp-block-image size-large\"><img loading=\"lazy\" width=\"1024\" height=\"461\" src=\"https:\/\/bisbalpenedes.com\/web\/wp-content\/uploads\/2023\/12\/WhatsApp-Image-2023-12-14-at-11.56.41-1024x461.jpeg\" alt=\"\" class=\"wp-image-28536\" srcset=\"https:\/\/bisbalpenedes.com\/web\/wp-content\/uploads\/2023\/12\/WhatsApp-Image-2023-12-14-at-11.56.41-1024x461.jpeg 1024w, https:\/\/bisbalpenedes.com\/web\/wp-content\/uploads\/2023\/12\/WhatsApp-Image-2023-12-14-at-11.56.41-300x135.jpeg 300w, https:\/\/bisbalpenedes.com\/web\/wp-content\/uploads\/2023\/12\/WhatsApp-Image-2023-12-14-at-11.56.41-768x346.jpeg 768w, https:\/\/bisbalpenedes.com\/web\/wp-content\/uploads\/2023\/12\/WhatsApp-Image-2023-12-14-at-11.56.41-1536x692.jpeg 1536w, https:\/\/bisbalpenedes.com\/web\/wp-content\/uploads\/2023\/12\/WhatsApp-Image-2023-12-14-at-11.56.41-600x270.jpeg 600w, https:\/\/bisbalpenedes.com\/web\/wp-content\/uploads\/2023\/12\/WhatsApp-Image-2023-12-14-at-11.56.41.jpeg 1600w\" sizes=\"(max-width: 1024px) 100vw, 1024px\" \/><\/figure>\n","protected":false},"excerpt":{"rendered":"<p>La Regidoria de la Gent Gran i l\u2019Associaci\u00f3 de la Gent Gran de la Bisbal del Pened\u00e8s van assistir, el passat dimarts, a la celebraci\u00f3 del Consell de la Gent &hellip; <a href=\"https:\/\/bisbalpenedes.com\/web\/2023\/12\/16\/lajuntament-de-la-bisbal-del-penedes-i-lassociacio-de-la-gent-gran-han-assistit-a-la-celebracio-del-consell-de-la-gent-gran\/\" class=\"more-link\">Read More<\/a><\/p>\n","protected":false},"author":4,"featured_media":28535,"comment_status":"closed","ping_status":"closed","sticky":false,"template":"","format":"standard","meta":[],"categories":[20,464,8],"tags":[230,6394,305,393],"_links":{"self":[{"href":"https:\/\/bisbalpenedes.com\/web\/wp-json\/wp\/v2\/posts\/28534"}],"collection":[{"href":"https:\/\/bisbalpenedes.com\/web\/wp-json\/wp\/v2\/posts"}],"about":[{"href":"https:\/\/bisbalpenedes.com\/web\/wp-json\/wp\/v2\/types\/post"}],"author":[{"embeddable":true,"href":"https:\/\/bisbalpenedes.com\/web\/wp-json\/wp\/v2\/users\/4"}],"replies":[{"embeddable":true,"href":"https:\/\/bisbalpenedes.com\/web\/wp-json\/wp\/v2\/comments?post=28534"}],"version-history":[{"count":1,"href":"https:\/\/bisbalpenedes.com\/web\/wp-json\/wp\/v2\/posts\/28534\/revisions"}],"predecessor-version":[{"id":28537,"href":"https:\/\/bisbalpenedes.com\/web\/wp-json\/wp\/v2\/posts\/28534\/revisions\/28537"}],"wp:featuredmedia":[{"embeddable":true,"href":"https:\/\/bisbalpenedes.com\/web\/wp-json\/wp\/v2\/media\/28535"}],"wp:attachment":[{"href":"https:\/\/bisbalpenedes.com\/web\/wp-json\/wp\/v2\/media?parent=28534"}],"wp:term":[{"taxonomy":"category","embeddable":true,"href":"https:\/\/bisbalpenedes.com\/web\/wp-json\/wp\/v2\/categories?post=28534"},{"taxonomy":"post_tag","embeddable":true,"href":"https:\/\/bisbalpenedes.com\/web\/wp-json\/wp\/v2\/tags?post=28534"}],"curies":[{"name":"wp","href":"https:\/\/api.w.org\/{rel}","templated":true}]}}