{"id":28523,"date":"2023-12-16T13:12:25","date_gmt":"2023-12-16T11:12:25","guid":{"rendered":"https:\/\/bisbalpenedes.com\/web\/?p=28523"},"modified":"2023-12-16T13:12:25","modified_gmt":"2023-12-16T11:12:25","slug":"la-presidenta-de-la-cambra-de-tarragona-visita-els-comercos-bisbalencs-en-el-marc-de-la-campanya-troba-la-llum-del-nadal","status":"publish","type":"post","link":"https:\/\/bisbalpenedes.com\/web\/2023\/12\/16\/la-presidenta-de-la-cambra-de-tarragona-visita-els-comercos-bisbalencs-en-el-marc-de-la-campanya-troba-la-llum-del-nadal\/","title":{"rendered":"La presidenta de la Cambra de Tarragona visita els comer\u00e7os bisbalencs en el marc de la campanya &#8220;Troba la Llum del Nadal&#8221;"},"content":{"rendered":"\n<p>La presidenta de la Cambra de Comer\u00e7 de Tarragona, Laura Roig\u00e9, ha visitat la Bisbal del Pened\u00e8s aquest divendres, juntament amb el cap de l\u2019\u00e0rea de Projectes i Competitivitat, Jordi C\u00e1ceres. La visita s\u2019ha fet en el marc de la campanya comercial nadalenca que es du a terme al municipi, \u2728Troba la Llum del Nadal\u2728 i, juntament amb l\u2019alcaldessa Agn\u00e8s Ferr\u00e9 i la regidora de Comer\u00e7, Judith Vidal, han fet una visita a diversos comer\u00e7os del municipi, passant pels que han obert recentment, ja que la presidenta de la Cambra els volia saludar personalment.<\/p>\n\n\n\n<p>\ud83c\udf96Des d\u2019aqu\u00ed, a m\u00e9s, volem aprofitar per felicitar-la perqu\u00e8, precisament aquesta setmana, ha estat distingida amb el Premi Conc\u00f2rdia 2023 a la traject\u00f2ria personal que atorga el Col\u00b7legi d\u2019Agents de Duanes de Tarragona \u201cper la seva aportaci\u00f3 i defensa dels valors d\u2019empresa com a dona de forts convenciments i mediadora excepcional en un m\u00f3n laboral i empresarial complex, per la grandesa com a persona dialogant\u201d.<\/p>\n\n\n\n<p>\ud83d\udecdAprofitem per recordar-vos que, durant aquest cap de setmana, podeu continuar fent les vostres compres a la Bisbal del Pened\u00e8s per trobar la Llum del Nadal i participar en el sorteig de 3 lots de productes bisbalencs\ud83c\udf81<\/p>\n\n\n\n<hr class=\"wp-block-separator has-alpha-channel-opacity\"\/>\n\n\n\n<p><strong>CASTELLANO | <\/strong>La presidenta de la Cambra de Comer\u00e7 de Tarragona, Laura Roig\u00e9, ha visitado la Bisbal del Pened\u00e8s este viernes, junto con el jefe del \u00e1rea de Proyectos y Competitividad, Jordi C\u00e1ceres. La visita se ha hecho en el marco de la campa\u00f1a comercial navide\u00f1a que se lleva a cabo en el municipio, \u2728Troba la Llum del Nadal\u2728 y, junto con la alcaldesa Agn\u00e8s Ferr\u00e9 y la concejala de Comercio, Judith Vidal, han hecho una visita a varios comercios del municipio, pasando por los que han abierto recientemente, ya que la presidenta de la Cambra los quer\u00eda saludar personalmente.<\/p>\n\n\n\n<p>\ud83c\udf96Desde aqu\u00ed, adem\u00e1s, queremos aprovechar para felicitarla porque, precisamente esta semana, ha sido distinguida con el Premi Conc\u00f2rdia 2023 a la trayectoria personal que otorga el Col\u00b7legi d\u2019Agents de Duanes de Tarragona \u201cpor su aportaci\u00f3n y defensa de los valores de empresa como mujer de fuertes convencimientos y mediadora excepcional en un mundo laboral y empresarial complejo, por la grandeza como persona dialogante\u201d.<\/p>\n\n\n\n<p>\ud83d\udecdAprovechamos para recordaros que, durante este fin de semana, pod\u00e9is continuar haciendo vuestras compras en la Bisbal del Pened\u00e8s para encontrar la Llum del Nadal y participar en el sorteo de 3 lotes de productos bisbalencs\ud83c\udf81<\/p>\n\n\n\n<figure class=\"wp-container-2 wp-block-gallery-1 wp-block-gallery has-nested-images columns-default is-cropped\">\n<figure class=\"wp-block-image size-large\"><img loading=\"lazy\" width=\"2560\" height=\"1920\" data-id=\"28528\"  src=\"https:\/\/bisbalpenedes.com\/web\/wp-content\/uploads\/2023\/12\/IMG_2792-scaled.jpeg\" alt=\"\" class=\"wp-image-28528\" srcset=\"https:\/\/bisbalpenedes.com\/web\/wp-content\/uploads\/2023\/12\/IMG_2792-scaled.jpeg 2560w, https:\/\/bisbalpenedes.com\/web\/wp-content\/uploads\/2023\/12\/IMG_2792-300x225.jpeg 300w, https:\/\/bisbalpenedes.com\/web\/wp-content\/uploads\/2023\/12\/IMG_2792-1024x768.jpeg 1024w, https:\/\/bisbalpenedes.com\/web\/wp-content\/uploads\/2023\/12\/IMG_2792-768x576.jpeg 768w, https:\/\/bisbalpenedes.com\/web\/wp-content\/uploads\/2023\/12\/IMG_2792-1536x1152.jpeg 1536w, https:\/\/bisbalpenedes.com\/web\/wp-content\/uploads\/2023\/12\/IMG_2792-2048x1536.jpeg 2048w, https:\/\/bisbalpenedes.com\/web\/wp-content\/uploads\/2023\/12\/IMG_2792-600x450.jpeg 600w\" sizes=\"(max-width: 2560px) 100vw, 2560px\" \/><\/figure>\n\n\n\n<figure class=\"wp-block-image size-large\"><img loading=\"lazy\" width=\"2560\" height=\"1920\" data-id=\"28526\"  src=\"https:\/\/bisbalpenedes.com\/web\/wp-content\/uploads\/2023\/12\/IMG_2802-scaled.jpeg\" alt=\"\" class=\"wp-image-28526\" srcset=\"https:\/\/bisbalpenedes.com\/web\/wp-content\/uploads\/2023\/12\/IMG_2802-scaled.jpeg 2560w, https:\/\/bisbalpenedes.com\/web\/wp-content\/uploads\/2023\/12\/IMG_2802-300x225.jpeg 300w, https:\/\/bisbalpenedes.com\/web\/wp-content\/uploads\/2023\/12\/IMG_2802-1024x768.jpeg 1024w, https:\/\/bisbalpenedes.com\/web\/wp-content\/uploads\/2023\/12\/IMG_2802-768x576.jpeg 768w, https:\/\/bisbalpenedes.com\/web\/wp-content\/uploads\/2023\/12\/IMG_2802-1536x1152.jpeg 1536w, https:\/\/bisbalpenedes.com\/web\/wp-content\/uploads\/2023\/12\/IMG_2802-2048x1536.jpeg 2048w, https:\/\/bisbalpenedes.com\/web\/wp-content\/uploads\/2023\/12\/IMG_2802-600x450.jpeg 600w\" sizes=\"(max-width: 2560px) 100vw, 2560px\" \/><\/figure>\n\n\n\n<figure class=\"wp-block-image size-large\"><img loading=\"lazy\" width=\"2560\" height=\"1920\" data-id=\"28525\"  src=\"https:\/\/bisbalpenedes.com\/web\/wp-content\/uploads\/2023\/12\/IMG_2806-scaled.jpeg\" alt=\"\" class=\"wp-image-28525\" srcset=\"https:\/\/bisbalpenedes.com\/web\/wp-content\/uploads\/2023\/12\/IMG_2806-scaled.jpeg 2560w, https:\/\/bisbalpenedes.com\/web\/wp-content\/uploads\/2023\/12\/IMG_2806-300x225.jpeg 300w, https:\/\/bisbalpenedes.com\/web\/wp-content\/uploads\/2023\/12\/IMG_2806-1024x768.jpeg 1024w, https:\/\/bisbalpenedes.com\/web\/wp-content\/uploads\/2023\/12\/IMG_2806-768x576.jpeg 768w, https:\/\/bisbalpenedes.com\/web\/wp-content\/uploads\/2023\/12\/IMG_2806-1536x1152.jpeg 1536w, https:\/\/bisbalpenedes.com\/web\/wp-content\/uploads\/2023\/12\/IMG_2806-2048x1536.jpeg 2048w, https:\/\/bisbalpenedes.com\/web\/wp-content\/uploads\/2023\/12\/IMG_2806-600x450.jpeg 600w\" sizes=\"(max-width: 2560px) 100vw, 2560px\" \/><\/figure>\n\n\n\n<figure class=\"wp-block-image size-large\"><img loading=\"lazy\" width=\"2560\" height=\"1920\" data-id=\"28524\"  src=\"https:\/\/bisbalpenedes.com\/web\/wp-content\/uploads\/2023\/12\/IMG_2808-scaled.jpeg\" alt=\"\" class=\"wp-image-28524\" srcset=\"https:\/\/bisbalpenedes.com\/web\/wp-content\/uploads\/2023\/12\/IMG_2808-scaled.jpeg 2560w, https:\/\/bisbalpenedes.com\/web\/wp-content\/uploads\/2023\/12\/IMG_2808-300x225.jpeg 300w, https:\/\/bisbalpenedes.com\/web\/wp-content\/uploads\/2023\/12\/IMG_2808-1024x768.jpeg 1024w, https:\/\/bisbalpenedes.com\/web\/wp-content\/uploads\/2023\/12\/IMG_2808-768x576.jpeg 768w, https:\/\/bisbalpenedes.com\/web\/wp-content\/uploads\/2023\/12\/IMG_2808-1536x1152.jpeg 1536w, https:\/\/bisbalpenedes.com\/web\/wp-content\/uploads\/2023\/12\/IMG_2808-2048x1536.jpeg 2048w, https:\/\/bisbalpenedes.com\/web\/wp-content\/uploads\/2023\/12\/IMG_2808-600x450.jpeg 600w\" sizes=\"(max-width: 2560px) 100vw, 2560px\" \/><\/figure>\n\n\n\n<figure class=\"wp-block-image size-large\"><img loading=\"lazy\" width=\"2560\" height=\"1920\" data-id=\"28529\"  src=\"https:\/\/bisbalpenedes.com\/web\/wp-content\/uploads\/2023\/12\/IMG_2807-scaled.jpeg\" alt=\"\" class=\"wp-image-28529\" srcset=\"https:\/\/bisbalpenedes.com\/web\/wp-content\/uploads\/2023\/12\/IMG_2807-scaled.jpeg 2560w, https:\/\/bisbalpenedes.com\/web\/wp-content\/uploads\/2023\/12\/IMG_2807-300x225.jpeg 300w, https:\/\/bisbalpenedes.com\/web\/wp-content\/uploads\/2023\/12\/IMG_2807-1024x768.jpeg 1024w, https:\/\/bisbalpenedes.com\/web\/wp-content\/uploads\/2023\/12\/IMG_2807-768x576.jpeg 768w, https:\/\/bisbalpenedes.com\/web\/wp-content\/uploads\/2023\/12\/IMG_2807-1536x1152.jpeg 1536w, https:\/\/bisbalpenedes.com\/web\/wp-content\/uploads\/2023\/12\/IMG_2807-2048x1536.jpeg 2048w, https:\/\/bisbalpenedes.com\/web\/wp-content\/uploads\/2023\/12\/IMG_2807-600x450.jpeg 600w\" sizes=\"(max-width: 2560px) 100vw, 2560px\" \/><\/figure>\n\n\n\n<figure class=\"wp-block-image size-large\"><img loading=\"lazy\" width=\"2560\" height=\"1920\" data-id=\"28531\"  src=\"https:\/\/bisbalpenedes.com\/web\/wp-content\/uploads\/2023\/12\/IMG_2803-1-scaled.jpg\" alt=\"\" class=\"wp-image-28531\" srcset=\"https:\/\/bisbalpenedes.com\/web\/wp-content\/uploads\/2023\/12\/IMG_2803-1-scaled.jpg 2560w, https:\/\/bisbalpenedes.com\/web\/wp-content\/uploads\/2023\/12\/IMG_2803-1-300x225.jpg 300w, https:\/\/bisbalpenedes.com\/web\/wp-content\/uploads\/2023\/12\/IMG_2803-1-1024x768.jpg 1024w, https:\/\/bisbalpenedes.com\/web\/wp-content\/uploads\/2023\/12\/IMG_2803-1-768x576.jpg 768w, https:\/\/bisbalpenedes.com\/web\/wp-content\/uploads\/2023\/12\/IMG_2803-1-1536x1152.jpg 1536w, https:\/\/bisbalpenedes.com\/web\/wp-content\/uploads\/2023\/12\/IMG_2803-1-2048x1536.jpg 2048w, https:\/\/bisbalpenedes.com\/web\/wp-content\/uploads\/2023\/12\/IMG_2803-1-600x450.jpg 600w\" sizes=\"(max-width: 2560px) 100vw, 2560px\" \/><\/figure>\n<\/figure>\n","protected":false},"excerpt":{"rendered":"<p>La presidenta de la Cambra de Comer\u00e7 de Tarragona, Laura Roig\u00e9, ha visitat la Bisbal del Pened\u00e8s aquest divendres, juntament amb el cap de l\u2019\u00e0rea de Projectes i Competitivitat, Jordi &hellip; <a href=\"https:\/\/bisbalpenedes.com\/web\/2023\/12\/16\/la-presidenta-de-la-cambra-de-tarragona-visita-els-comercos-bisbalencs-en-el-marc-de-la-campanya-troba-la-llum-del-nadal\/\" class=\"more-link\">Read More<\/a><\/p>\n","protected":false},"author":4,"featured_media":28527,"comment_status":"closed","ping_status":"closed","sticky":false,"template":"","format":"standard","meta":[],"categories":[3860,8],"tags":[459,4246,329,419,393,4245],"_links":{"self":[{"href":"https:\/\/bisbalpenedes.com\/web\/wp-json\/wp\/v2\/posts\/28523"}],"collection":[{"href":"https:\/\/bisbalpenedes.com\/web\/wp-json\/wp\/v2\/posts"}],"about":[{"href":"https:\/\/bisbalpenedes.com\/web\/wp-json\/wp\/v2\/types\/post"}],"author":[{"embeddable":true,"href":"https:\/\/bisbalpenedes.com\/web\/wp-json\/wp\/v2\/users\/4"}],"replies":[{"embeddable":true,"href":"https:\/\/bisbalpenedes.com\/web\/wp-json\/wp\/v2\/comments?post=28523"}],"version-history":[{"count":1,"href":"https:\/\/bisbalpenedes.com\/web\/wp-json\/wp\/v2\/posts\/28523\/revisions"}],"predecessor-version":[{"id":28532,"href":"https:\/\/bisbalpenedes.com\/web\/wp-json\/wp\/v2\/posts\/28523\/revisions\/28532"}],"wp:featuredmedia":[{"embeddable":true,"href":"https:\/\/bisbalpenedes.com\/web\/wp-json\/wp\/v2\/media\/28527"}],"wp:attachment":[{"href":"https:\/\/bisbalpenedes.com\/web\/wp-json\/wp\/v2\/media?parent=28523"}],"wp:term":[{"taxonomy":"category","embeddable":true,"href":"https:\/\/bisbalpenedes.com\/web\/wp-json\/wp\/v2\/categories?post=28523"},{"taxonomy":"post_tag","embeddable":true,"href":"https:\/\/bisbalpenedes.com\/web\/wp-json\/wp\/v2\/tags?post=28523"}],"curies":[{"name":"wp","href":"https:\/\/api.w.org\/{rel}","templated":true}]}}