{"id":28520,"date":"2023-12-16T12:45:18","date_gmt":"2023-12-16T10:45:18","guid":{"rendered":"https:\/\/bisbalpenedes.com\/web\/?p=28520"},"modified":"2023-12-16T12:45:18","modified_gmt":"2023-12-16T10:45:18","slug":"la-brigada-municipal-estrena-un-nou-vehicles-que-sha-adquirit-a-traves-de-la-central-de-compres-de-lacm","status":"publish","type":"post","link":"https:\/\/bisbalpenedes.com\/web\/2023\/12\/16\/la-brigada-municipal-estrena-un-nou-vehicles-que-sha-adquirit-a-traves-de-la-central-de-compres-de-lacm\/","title":{"rendered":"La brigada municipal estrena un nou vehicles que s&#8217;ha adquirit a trav\u00e9s de la central de compres de l&#8217;ACM"},"content":{"rendered":"\n<p>La brigada municipal estrena un nou vehicle que s\u2019ha adquirit a trav\u00e9s de la central de compres de l&#8217;ACM per un import de 15.349,06\u20ac (m\u00e9s IVA). Aquesta furgoneta Ford Courier van trend, de tipus combi, substituir\u00e0 un vehicle petit que feia servir la brigada i que ja estava molt vell i tenia molt d\u2019\u00fas. A m\u00e9s, aquesta furgoneta permet transportar m\u00e9s material i eines i, per tant, permetr\u00e0 guanyar agilitat i efici\u00e8ncia algunes actuacions.<\/p>\n\n\n\n<hr class=\"wp-block-separator has-alpha-channel-opacity\"\/>\n\n\n\n<p><strong>CASTELLANO | <\/strong>La brigada municipal estrena nuevo veh\u00edculo que se ha adquirido a trav\u00e9s de la central de compras de la ACM por un importe de 15.349,06\u20ac (m\u00e1s IVA). Esta furgoneta Ford Courier van trend, de tipo combi, sustituir\u00e1 un veh\u00edculo peque\u00f1o que utilizaba la brigada y que ya estaba muy viejo y ten\u00eda muy mal uso. Adem\u00e1s, esta furgoneta permite transportar m\u00e1s material y herramientas y, por tanto, permitir\u00e1 ganar agilidad y eficiencia en algunas actuaciones.<\/p>\n","protected":false},"excerpt":{"rendered":"<p>La brigada municipal estrena un nou vehicle que s\u2019ha adquirit a trav\u00e9s de la central de compres de l&#8217;ACM per un import de 15.349,06\u20ac (m\u00e9s IVA). Aquesta furgoneta Ford Courier &hellip; <a href=\"https:\/\/bisbalpenedes.com\/web\/2023\/12\/16\/la-brigada-municipal-estrena-un-nou-vehicles-que-sha-adquirit-a-traves-de-la-central-de-compres-de-lacm\/\" class=\"more-link\">Read More<\/a><\/p>\n","protected":false},"author":4,"featured_media":28521,"comment_status":"closed","ping_status":"closed","sticky":false,"template":"","format":"standard","meta":[],"categories":[8,6393],"tags":[459,2462,393,1374,1930],"_links":{"self":[{"href":"https:\/\/bisbalpenedes.com\/web\/wp-json\/wp\/v2\/posts\/28520"}],"collection":[{"href":"https:\/\/bisbalpenedes.com\/web\/wp-json\/wp\/v2\/posts"}],"about":[{"href":"https:\/\/bisbalpenedes.com\/web\/wp-json\/wp\/v2\/types\/post"}],"author":[{"embeddable":true,"href":"https:\/\/bisbalpenedes.com\/web\/wp-json\/wp\/v2\/users\/4"}],"replies":[{"embeddable":true,"href":"https:\/\/bisbalpenedes.com\/web\/wp-json\/wp\/v2\/comments?post=28520"}],"version-history":[{"count":1,"href":"https:\/\/bisbalpenedes.com\/web\/wp-json\/wp\/v2\/posts\/28520\/revisions"}],"predecessor-version":[{"id":28522,"href":"https:\/\/bisbalpenedes.com\/web\/wp-json\/wp\/v2\/posts\/28520\/revisions\/28522"}],"wp:featuredmedia":[{"embeddable":true,"href":"https:\/\/bisbalpenedes.com\/web\/wp-json\/wp\/v2\/media\/28521"}],"wp:attachment":[{"href":"https:\/\/bisbalpenedes.com\/web\/wp-json\/wp\/v2\/media?parent=28520"}],"wp:term":[{"taxonomy":"category","embeddable":true,"href":"https:\/\/bisbalpenedes.com\/web\/wp-json\/wp\/v2\/categories?post=28520"},{"taxonomy":"post_tag","embeddable":true,"href":"https:\/\/bisbalpenedes.com\/web\/wp-json\/wp\/v2\/tags?post=28520"}],"curies":[{"name":"wp","href":"https:\/\/api.w.org\/{rel}","templated":true}]}}