{"id":28514,"date":"2023-12-15T09:24:20","date_gmt":"2023-12-15T07:24:20","guid":{"rendered":"https:\/\/bisbalpenedes.com\/web\/?p=28514"},"modified":"2024-01-03T10:29:11","modified_gmt":"2024-01-03T08:29:11","slug":"el-31-de-desembre-arriba-el-patge-reial-a-la-bisbal-del-penedes","status":"publish","type":"post","link":"https:\/\/bisbalpenedes.com\/web\/2023\/12\/15\/el-31-de-desembre-arriba-el-patge-reial-a-la-bisbal-del-penedes\/","title":{"rendered":"El 31 de desembre arriba el Patge Reial a la Bisbal del Pened\u00e8s"},"content":{"rendered":"\n<p>Us fem saber, petits i grans, que el Patge Reial ha anunciat la seva arribada a la Bisbal del Pened\u00e8s.<\/p>\n\n\n\n<p>El diumenge 31 de desembre, a les 12h, podreu esperar-lo per veure\u2019l passar amb el seu carruatge per diversos carrers del nucli i, en acabar, podreu entregar-li les cartes per a SSMM els Reis d\u2019Orient al gimn\u00e0s de l\u2019escola Ull de Vent.<br>Tamb\u00e9 podeu anar a l\u2019escola cap a les 11h i esperar-lo all\u00e0, mentre feu activitats amb l&#8217;Associaci\u00f3 De Joves Els Esventats<\/p>\n\n\n\n<hr class=\"wp-block-separator has-alpha-channel-opacity\"\/>\n\n\n\n<p>Os hacemos saber, peque\u00f1os y mayores, que el Paje Real ha anunciado su llegada a la Bisbal del Pened\u00e8s.<\/p>\n\n\n\n<p>El domingo 31 de diciembre, a las 12h, podr\u00e9is esperarlo para verlo pasar con su carruaje por varias calles del n\u00facleo y, al acabar, podr\u00e9is entregarle las cartas para SSMM los Reyes Magos en el gimnasio de la escuela Ull de Vent.<br>Tambi\u00e9n pod\u00e9is ir a la escuela hacia las 11h y esperarlo all\u00ed, mientras hac\u00e9is actividades con la Associaci\u00f3 de Joves Els Esventats.<\/p>\n\n\n\n<p><\/p>\n","protected":false},"excerpt":{"rendered":"<p>Us fem saber, petits i grans, que el Patge Reial ha anunciat la seva arribada a la Bisbal del Pened\u00e8s. El diumenge 31 de desembre, a les 12h, podreu esperar-lo &hellip; <a href=\"https:\/\/bisbalpenedes.com\/web\/2023\/12\/15\/el-31-de-desembre-arriba-el-patge-reial-a-la-bisbal-del-penedes\/\" class=\"more-link\">Read More<\/a><\/p>\n","protected":false},"author":4,"featured_media":28590,"comment_status":"closed","ping_status":"closed","sticky":false,"template":"","format":"standard","meta":[],"categories":[2942,13,8],"tags":[459,393,1078,1084,5004],"_links":{"self":[{"href":"https:\/\/bisbalpenedes.com\/web\/wp-json\/wp\/v2\/posts\/28514"}],"collection":[{"href":"https:\/\/bisbalpenedes.com\/web\/wp-json\/wp\/v2\/posts"}],"about":[{"href":"https:\/\/bisbalpenedes.com\/web\/wp-json\/wp\/v2\/types\/post"}],"author":[{"embeddable":true,"href":"https:\/\/bisbalpenedes.com\/web\/wp-json\/wp\/v2\/users\/4"}],"replies":[{"embeddable":true,"href":"https:\/\/bisbalpenedes.com\/web\/wp-json\/wp\/v2\/comments?post=28514"}],"version-history":[{"count":2,"href":"https:\/\/bisbalpenedes.com\/web\/wp-json\/wp\/v2\/posts\/28514\/revisions"}],"predecessor-version":[{"id":28517,"href":"https:\/\/bisbalpenedes.com\/web\/wp-json\/wp\/v2\/posts\/28514\/revisions\/28517"}],"wp:featuredmedia":[{"embeddable":true,"href":"https:\/\/bisbalpenedes.com\/web\/wp-json\/wp\/v2\/media\/28590"}],"wp:attachment":[{"href":"https:\/\/bisbalpenedes.com\/web\/wp-json\/wp\/v2\/media?parent=28514"}],"wp:term":[{"taxonomy":"category","embeddable":true,"href":"https:\/\/bisbalpenedes.com\/web\/wp-json\/wp\/v2\/categories?post=28514"},{"taxonomy":"post_tag","embeddable":true,"href":"https:\/\/bisbalpenedes.com\/web\/wp-json\/wp\/v2\/tags?post=28514"}],"curies":[{"name":"wp","href":"https:\/\/api.w.org\/{rel}","templated":true}]}}