{"id":28499,"date":"2023-12-14T20:13:02","date_gmt":"2023-12-14T18:13:02","guid":{"rendered":"https:\/\/bisbalpenedes.com\/web\/?p=28499"},"modified":"2023-12-14T20:14:03","modified_gmt":"2023-12-14T18:14:03","slug":"shan-aprovat-les-bases-per-tornar-a-treure-a-concurs-el-servei-de-bar-cafeteria-del-local-social-de-la-miralba-2","status":"publish","type":"post","link":"https:\/\/bisbalpenedes.com\/web\/2023\/12\/14\/shan-aprovat-les-bases-per-tornar-a-treure-a-concurs-el-servei-de-bar-cafeteria-del-local-social-de-la-miralba-2\/","title":{"rendered":"<strong>S&#8217;han aprovat les bases per tornar a treure a concurs el servei de bar cafeteria del local social de La Miralba<\/strong>"},"content":{"rendered":"\n<p>La Junta de govern del dilluns 11 de desembre va aprovar inicialment, a petici\u00f3 de la Regidoria de Barris, les bases reguladores que regeixen la llic\u00e8ncia del bar cafeteria -sense cuina- del local social de La Miralba. Aquestes bases estaran exposades al p\u00fablic del 14 de desembre de 2023 al 16 de gener de 2024, ambd\u00f3s inclosos. Si, arribada aquesta data, no s&#8217;han presentat al\u00b7legacions, s&#8217;aprovaran definitivament i ja es podr\u00e0 iniciar el procediment de concurs de la gesti\u00f3 del servei de bar i cafeteria del local social de La Miralba perqu\u00e8 s&#8217;hi puguin presentar les persones interessades.<\/p>\n\n\n\n<p>Aquestes noves bases presenten alguns canvis respecte a les anteriors. S\u00f3n els seg\u00fcents:<\/p>\n\n\n\n<ul><li>El c\u00e0non millorable a l&#8217;al\u00e7a \u00e9s de 194\u20ac (IVA no incl\u00f2s).<\/li><li>El dia de descans ser\u00e0 el dijous.<\/li><li>L&#8217;horari d&#8217;obertura que es proposa \u00e9s de 8:00h a 13:30h i de 16:00 a 20:00h. No obstant aix\u00f2, les bases inclouen com a criteri puntuable el fet que l&#8217;adjudicatari obri m\u00e9s hores de les proposades.<\/li><\/ul>\n\n\n\n<p>Podeu trobar l&#8217;anunci publicat al BOPT al seg\u00fcent enlla\u00e7: <a href=\"https:\/\/www.diputaciodetarragona.cat\/ebop\/index.php?op=anunci&amp;id=11752&amp;ebop_any=2023\">https:\/\/www.diputaciodetarragona.cat\/ebop\/index.php?op=anunci&amp;id=11752&amp;ebop_any=2023<\/a><\/p>\n\n\n\n<hr class=\"wp-block-separator has-alpha-channel-opacity\"\/>\n\n\n\n<p><strong>CASTELLANO | <\/strong>La Junta de gobierno del lunes 11 de diciembre aprob\u00f3 inicialmente, a petici\u00f3n de la Concejal\u00eda de Barrios, las bases reguladoras que rigen la licencia del bar cafeter\u00eda -sin cocina- del local social de La Miralba. Estas bases estar\u00e1n expuestas al p\u00fablico del 14 de diciembre de 2023 al 16 de enero de 2024, ambos incluidos. Si, llegada esta fecha, no se han presentado alegaciones, se aprobar\u00e1n definitivamente y ya se podr\u00e1 iniciar el procedimiento de concurso de la gesti\u00f3n del servicio de bar y cafeter\u00eda del local social de La Miralba para que se puedan presentar las personas interesadas.<\/p>\n\n\n\n<p>Estas nuevas bases presentan algunos cambios respecto a las anteriores. Son los siguientes:<\/p>\n\n\n\n<ul><li>El canon mejorable al alza es de 194\u20ac (IVA no incluido).<\/li><li>El d\u00eda de descanso ser\u00e1 el jueves.<\/li><li>El horario de apertura que se propone es de 8:00h a 13:30h y de 16:00h a 20:00h. No obstante, las bases incluyen como criterio puntuable el hecho que el adjudicatario abra m\u00e1s horas de las propuestas.<\/li><\/ul>\n\n\n\n<p>Pod\u00e9is encontrar el anuncio publicado en el BOPT en el siguiente enlace: <a href=\"https:\/\/www.diputaciodetarragona.cat\/ebop\/index.php?op=anunci&amp;id=11752&amp;ebop_any=2023\">https:\/\/www.diputaciodetarragona.cat\/ebop\/index.php?op=anunci&amp;id=11752&amp;ebop_any=2023<\/a><\/p>\n","protected":false},"excerpt":{"rendered":"<p>La Junta de govern del dilluns 11 de desembre va aprovar inicialment, a petici\u00f3 de la Regidoria de Barris, les bases reguladores que regeixen la llic\u00e8ncia del bar cafeteria -sense &hellip; <a href=\"https:\/\/bisbalpenedes.com\/web\/2023\/12\/14\/shan-aprovat-les-bases-per-tornar-a-treure-a-concurs-el-servei-de-bar-cafeteria-del-local-social-de-la-miralba-2\/\" class=\"more-link\">Read More<\/a><\/p>\n","protected":false},"author":4,"featured_media":28500,"comment_status":"closed","ping_status":"closed","sticky":false,"template":"","format":"standard","meta":[],"categories":[4287,8],"tags":[459,140,176,393,246],"_links":{"self":[{"href":"https:\/\/bisbalpenedes.com\/web\/wp-json\/wp\/v2\/posts\/28499"}],"collection":[{"href":"https:\/\/bisbalpenedes.com\/web\/wp-json\/wp\/v2\/posts"}],"about":[{"href":"https:\/\/bisbalpenedes.com\/web\/wp-json\/wp\/v2\/types\/post"}],"author":[{"embeddable":true,"href":"https:\/\/bisbalpenedes.com\/web\/wp-json\/wp\/v2\/users\/4"}],"replies":[{"embeddable":true,"href":"https:\/\/bisbalpenedes.com\/web\/wp-json\/wp\/v2\/comments?post=28499"}],"version-history":[{"count":2,"href":"https:\/\/bisbalpenedes.com\/web\/wp-json\/wp\/v2\/posts\/28499\/revisions"}],"predecessor-version":[{"id":28502,"href":"https:\/\/bisbalpenedes.com\/web\/wp-json\/wp\/v2\/posts\/28499\/revisions\/28502"}],"wp:featuredmedia":[{"embeddable":true,"href":"https:\/\/bisbalpenedes.com\/web\/wp-json\/wp\/v2\/media\/28500"}],"wp:attachment":[{"href":"https:\/\/bisbalpenedes.com\/web\/wp-json\/wp\/v2\/media?parent=28499"}],"wp:term":[{"taxonomy":"category","embeddable":true,"href":"https:\/\/bisbalpenedes.com\/web\/wp-json\/wp\/v2\/categories?post=28499"},{"taxonomy":"post_tag","embeddable":true,"href":"https:\/\/bisbalpenedes.com\/web\/wp-json\/wp\/v2\/tags?post=28499"}],"curies":[{"name":"wp","href":"https:\/\/api.w.org\/{rel}","templated":true}]}}