{"id":28496,"date":"2023-12-13T18:36:06","date_gmt":"2023-12-13T16:36:06","guid":{"rendered":"https:\/\/bisbalpenedes.com\/web\/?p=28496"},"modified":"2023-12-13T18:36:06","modified_gmt":"2023-12-13T16:36:06","slug":"el-proper-dilluns-18-de-desembre-se-celebrara-el-ple-ordinari-a-lajuntament-de-la-bisbal-del-penedes-corresponent-a-aquest-trimestre","status":"publish","type":"post","link":"https:\/\/bisbalpenedes.com\/web\/2023\/12\/13\/el-proper-dilluns-18-de-desembre-se-celebrara-el-ple-ordinari-a-lajuntament-de-la-bisbal-del-penedes-corresponent-a-aquest-trimestre\/","title":{"rendered":"<strong>El proper dilluns 18 de desembre se celebrar\u00e0 el Ple Ordinari a l\u2019Ajuntament de la Bisbal del Pened\u00e8s corresponent a aquest trimestre<\/strong>"},"content":{"rendered":"\n<p>El proper dilluns 18 de desembre, a les 18h, se celebrar\u00e0 el Ple Ordinari de l\u2019Ajuntament de la Bisbal del Pened\u00e8s corresponent al mes de desembre. S\u2019hi tractaran els punts seg\u00fcents:<\/p>\n\n\n\n<p><strong>PART RESOLUTIVA<\/strong><\/p>\n\n\n\n<p>Punt 1: Aprovaci\u00f3 de l\u2019acta del Ple ordinari del 18 de setembre<\/p>\n\n\n\n<p>Punt 2: Aprovaci\u00f3 de l\u2019acta del Ple extraordinari del 13 de novembre<\/p>\n\n\n\n<p>Punt 3: Ratificaci\u00f3 del Decret d\u2019alcaldia d\u2019aprovaci\u00f3 de l\u2019increment retributiu addicional del 0,5% al personal municipal funcionari i laboral, amb efectes de l\u20191 de gener de 2023<\/p>\n\n\n\n<p>Punt 4: Aprovaci\u00f3 de la massa salarial del personal laboral de l\u2019any 2023<\/p>\n\n\n\n<p>Punt 5: Aprovaci\u00f3 inicial de la modificaci\u00f3 del Reglament del servei d\u2019abastament d\u2019aigua potable per l\u2019ampliaci\u00f3 d\u2019aplicaci\u00f3 de la tarifa de fuites<\/p>\n\n\n\n<p>Punt 6: Instrucci\u00f3 per a la tramitaci\u00f3 de llic\u00e8ncies de parcel\u00b7laci\u00f3 a les urbanitzacions del Priorat, Can Gordei i l\u2019Esplai, per casos amb contractes privats<\/p>\n\n\n\n<p>Punt 7: Adhesi\u00f3 al codi \u00e8tic i de conducta en la contractaci\u00f3 p\u00fablica<\/p>\n\n\n\n<p>Punt 8: Resoluci\u00f3 d\u2019al\u00b7legacions contra el pressupost 2024 i aprovaci\u00f3 definitiva<\/p>\n\n\n\n<p>Punt 9: Pla estrat\u00e8gic de subvencions pel 2024<\/p>\n\n\n\n<p>Punt 10: Aprovaci\u00f3 del calendari fiscal 2024<\/p>\n\n\n\n<p><strong>PART DE CONTROL<\/strong><\/p>\n\n\n\n<p>Punt 11: Donar compte dels Decrets d\u2019alcaldia<\/p>\n\n\n\n<p>Punt 12: Donar compte de les actes de Junta de Govern Local<\/p>\n\n\n\n<p>Punt 13: Moci\u00f3 presentada pel grup municipal La Bisbal Decideix per \u201cintegrar les urbanitzacions dins de la col\u00b7locaci\u00f3 de llums nadalenques\u201d<\/p>\n\n\n\n<p>Punt 14: Moci\u00f3 presentada pel grup municipal La Bisbal Decideix per \u201cl\u2019aplicaci\u00f3 de l\u2019article 89 del ROM de la Bisbal del Pened\u00e8s\u201d<\/p>\n\n\n\n<p>Punt 15: Moci\u00f3 presentada pel grup municipal La Bisbal Decideix per \u201cConsulta popular no referend\u00e0ria per la validaci\u00f3 del projecte &#8216;Planes del Vent&#8217;\u201d<\/p>\n\n\n\n<p>Punt 16: Donar compte de l\u2019informe d\u2019intervenci\u00f3 del per\u00edode mig de pagament del 3r trimestre del 2023<\/p>\n\n\n\n<p>Punt 17: Donar compte de l\u2019informe d\u2019intervenci\u00f3 de l\u2019execuci\u00f3 del pressupost del 3r trimestre del 2023<\/p>\n\n\n\n<p>Punt 18: Donar compte de l\u2019informe d\u2019intervenci\u00f3 de la modificaci\u00f3 de cr\u00e8dit 7ALC\/2023 en la modalitat de generaci\u00f3 de cr\u00e8dit<\/p>\n\n\n\n<p>Punt 19: Donar compte de l\u2019informe d\u2019intervenci\u00f3 de la modificaci\u00f3 de cr\u00e8dit 8ALC\/2023 en la modalitat de generaci\u00f3 de cr\u00e8dit<\/p>\n\n\n\n<p><strong>PRECS I PREGUNTES<\/strong><\/p>\n\n\n\n<hr class=\"wp-block-separator has-alpha-channel-opacity\"\/>\n\n\n\n<p><strong>PRECS I PREGUNTES DE LA CIUTADANIA<\/strong><\/p>\n\n\n\n<p>Segons el ROM aprovat al Ple de l\u2019Ajuntament de la Bisbal el 19 de juny de 2017, la ciutadania pot participar en els Plens Ordinaris. Tot seguit us detallem el funcionament d\u2019aquest sup\u00f2sit:<\/p>\n\n\n\n<p>Totes les persones tenen dret a intervenir en les sessions ordin\u00e0ries del Ple en el punt de l\u2019ordre del dia de \u2018Precs i preguntes\u2019, d\u2019acord amb les prescripcions seg\u00fcents:<\/p>\n\n\n\n<ul><li>El prec o pregunta s\u2019haur\u00e0 de sol\u2022licitar a l\u2019Alcaldia:<\/li><\/ul>\n\n\n\n<p>o per escrit i entrar-lo\/a al Registre General com a m\u00e0xim 24 hores abans del Ple Ordinari<\/p>\n\n\n\n<p>o Per Twitter a @BisbalPenedes com a m\u00e0xim 24h abans del Ple Ordinari, complint el protocol d\u2019\u00fas de les xarxes socials i emprant l\u2019etiqueta&nbsp;<a href=\"https:\/\/www.facebook.com\/hashtag\/plebisbalpened%C3%A8s?__eep__=6&amp;source=feed_text&amp;epa=HASHTAG&amp;__xts__%5B0%5D=68.ARD1wXWwwlno0rOKPmoxxgSz89WYH5i8NHgdzmCY3U1GDyNswWNuLJC5R3CyiwZ8glyCklNOgb5D6-ILDBbxPeAhsZdMu8qbfllJN2mwOAG9lPX1POezHU4xpQ6CrtbSOFPuM13bcQDPXDkcT8uMdzLDRgfw5h57ESASLFFbhrUkWoxSN8IheJ2bj9-81sTG3gqQ-wPW1oTv63_qHlpWUiTPav-2exYCEXYInFYQJDcg-f8siVOv1iRTgFStQHuyX1OUlmXnMQEAJGyp0rbWxJ0DXP_c3jiScxjBnW0-ebrftvJ5rcDs6dNS_U1mdQ8lmfvzgSMIsH-xyDrOEt-i4-01nqBm&amp;__tn__=%2ANK-R\">#PleBisbalPened\u00e8s<\/a>, seguit del prec o pregunta.<\/p>\n\n\n\n<ul><li>L\u2019assumpte objecte del prec o pregunta haur\u00e0 de ser de compet\u00e8ncia municipal sobre l\u2019acci\u00f3 de govern o estar directament relacionat amb els punts inclosos a l\u2019ordre del dia.<\/li><li>Cada ciutad\u00e0\/ana pot formular un prec i una pregunta en un mateix Ple. La longitud m\u00e0xima de cada piulada \u00e9s de 140 car\u00e0cters i no es pot continuar la pregunta en un segon \u2018tweet\u2019.<\/li><li>L\u2019alcaldia podr\u00e0 no respondre si \u00e9s un assumpte sobre el qual l\u2019Ajuntament no t\u00e9 compet\u00e8ncies o si ja s\u2019ha presentat la mateixa pregunta en una altra sessi\u00f3 plen\u00e0ria en els \u00faltims 6 mesos.<\/li><li>L\u2019alcaldia comunicar\u00e0, acabat el termini m\u00e0xim de presentaci\u00f3 de preguntes, a qui vagin dirigides les preguntes o peticions sol\u2022licitades perqu\u00e8 les pugui respondre.<\/li><li>L\u2019Alcaldia llegir\u00e0 la pregunta en veu alta.<\/li><li>L\u2019alcaldia o a qui va adre\u00e7ada la pregunta, la respondr\u00e0 en la mateixa sessi\u00f3 del Ple.<\/li><\/ul>\n\n\n\n<hr class=\"wp-block-separator has-alpha-channel-opacity\"\/>\n\n\n\n<p><strong>CASTELLANO |<\/strong> El pr\u00f3ximo lunes 18 de diciembre, a las 18h, se celebrar\u00e1 el Pleno ordinario del Ajuntament de la Bisbal del Pened\u00e8s correspondiente al mes de diciembre. Se tratar\u00e1n los puntos siguientes:<\/p>\n\n\n\n<p><strong>PARTE RESOLUTIVA<\/strong><\/p>\n\n\n\n<p>Punto 1: Aprobaci\u00f3n del acta del Pleno ordinario del 18 de septiembre<\/p>\n\n\n\n<p>Punto 2: Aprobaci\u00f3n del acta del Pleno extraordinario del 13 de noviembre<\/p>\n\n\n\n<p>Punto 3: Ratificaci\u00f3n del Decreto de alcald\u00eda de aprobaci\u00f3n del incremento retributivo adicional del 0,5% al personal municipal funcionario y laboral, con efectos del 1 de enero de 2023<\/p>\n\n\n\n<p>Punto 4: Aprobaci\u00f3n de la masa salarial del personal laboral del a\u00f1o 2023<\/p>\n\n\n\n<p>Punto 5: Aprobaci\u00f3n inicial de la modificaci\u00f3n del Reglamento del servicio de abastecimiento de agua potable por la ampliaci\u00f3n de aplicaci\u00f3n de la tarifa de fugas<\/p>\n\n\n\n<p>Punto 6: Instrucci\u00f3n para la tramitaci\u00f3n de licencias de parcelaci\u00f3n en las urbanizaciones del Priorat, Can Gordei y l\u2019Esplai, por casos con contratos privados<\/p>\n\n\n\n<p>Punto 7: Adhesi\u00f3n al c\u00f3digo \u00e9tico y de conducta en la contrataci\u00f3n p\u00fablica<\/p>\n\n\n\n<p>Punto 8: Resoluci\u00f3n de alegaciones contra el presupuesto 2024 y aprobaci\u00f3n definitiva<\/p>\n\n\n\n<p>Punto 9: Plan estrat\u00e9gico de subvenciones para el 2024<\/p>\n\n\n\n<p>Punto 10: Aprobaci\u00f3n del calendario fiscal 2024<\/p>\n\n\n\n<p><strong>PARTE DE CONTROL<\/strong><\/p>\n\n\n\n<p>Punto 11: Dar cuenta de los Decretos de alcald\u00eda<\/p>\n\n\n\n<p>Punto 12: Dar cuenta de las actas de junta de Gobierno Local<\/p>\n\n\n\n<p>Punto 13: Moci\u00f3n presentada por el grupo municipal La Bisbal Decideix para \u201cintegrar las urbanizaciones dentro de la colocaci\u00f3n de luces navide\u00f1as\u201d.<\/p>\n\n\n\n<p>Punto 14: Moci\u00f3n presentada por el grupo municipal La Bisbal Decideix para \u201cla aplicaci\u00f3n del art\u00edculo 89 del ROM de la Bisbal del Pened\u00e8s\u201d.<\/p>\n\n\n\n<p>Punto 15: Moci\u00f3n presentada por el grupo municipal de La Bisbal Decideix para \u201cConsulta popular no refrendaria para la validaci\u00f3n del proyecto \u2018Planes del Vent\u2019\u201d.<\/p>\n\n\n\n<p>Punto 16: Dar cuenta del informe de intervenci\u00f3n del periodo medio de pago del 3\u00ba trimestre del 2023.<\/p>\n\n\n\n<p>Punto 17: Dar cuenta del informe de intervenci\u00f3n de la ejecuci\u00f3n del presupuesto del 3\u00ba trimestre del 2023.<\/p>\n\n\n\n<p>Punto 18: Dar cuenta del informe de intervenci\u00f3n de la modificaci\u00f3n de cr\u00e9dito 7ALC\/2023 en la modalidad de generaci\u00f3n de cr\u00e9dito.<\/p>\n\n\n\n<p><strong>RUEGOS Y PREGUNTAS<\/strong><\/p>\n\n\n\n<p>*****<\/p>\n\n\n\n<p><strong>RUEGOS Y PREGUNTAS DE LA CIUDADAN\u00cdA<\/strong><\/p>\n\n\n\n<p>Seg\u00fan el ROM aprobado en el Pleno del Ayuntamiento de la Bisbal del Pened\u00e8s el pasado 19 de junio del 2017, la ciudadan\u00eda puede participar en los Plenos Ordinarios. A continuaci\u00f3n, os detallamos el funcionamiento de este supuesto:<\/p>\n\n\n\n<p>Todas las personas tienen derecho a intervenir en las sesiones ordinarias del Pleno en el punto de la orden del d\u00eda de \u2018Ruegos y preguntas\u2019, de acuerdo con las prescripciones siguientes:<\/p>\n\n\n\n<ul><li>El ruego o pregunta deber\u00e1 solicitarse a Alcald\u00eda:<\/li><\/ul>\n\n\n\n<p>o Por escrito y entrarlo\/la por escrito como m\u00e1ximo 24 horas antes del Pleno Ordinario<\/p>\n\n\n\n<p>o Por Twitter en @BisbalPenedes como m\u00e1ximo 24h antes del Pleno Ordinario, cumpliendo el protocolo de uso de las redes sociales con el formato&nbsp;<a href=\"https:\/\/www.facebook.com\/hashtag\/plebisbalpened%C3%A8s?__eep__=6&amp;source=feed_text&amp;epa=HASHTAG&amp;__xts__%5B0%5D=68.ARD1wXWwwlno0rOKPmoxxgSz89WYH5i8NHgdzmCY3U1GDyNswWNuLJC5R3CyiwZ8glyCklNOgb5D6-ILDBbxPeAhsZdMu8qbfllJN2mwOAG9lPX1POezHU4xpQ6CrtbSOFPuM13bcQDPXDkcT8uMdzLDRgfw5h57ESASLFFbhrUkWoxSN8IheJ2bj9-81sTG3gqQ-wPW1oTv63_qHlpWUiTPav-2exYCEXYInFYQJDcg-f8siVOv1iRTgFStQHuyX1OUlmXnMQEAJGyp0rbWxJ0DXP_c3jiScxjBnW0-ebrftvJ5rcDs6dNS_U1mdQ8lmfvzgSMIsH-xyDrOEt-i4-01nqBm&amp;__tn__=%2ANK-R\">#PleBisbalPened\u00e8s<\/a>, seguido del ruego o pregunta.<\/p>\n\n\n\n<ul><li>El asunto objeto del ruego o pregunta deber\u00e1 ser de competencia municipal sobre la acci\u00f3n de gobierno o estar directamente relacionado con los puntos incluidos en el orden del d\u00eda.<\/li><li>Cada ciudadano\/na puede formular un ruego y una pregunta en un mismo Pleno. La longitud m\u00e1xima de cada tweet es de 140 caracteres y no se puede continuar la pregunta con un segundo \u2018tweet.<\/li><li>Alcald\u00eda podr\u00e1 no responder si es un asunto sobre el cual el Ayuntamiento no tiene competencias o si ya se ha presentado la misma pregunta en otra sesi\u00f3n plenaria de los \u00faltimos 6 meses.<\/li><li>&nbsp;Alcald\u00eda comunicar\u00e1, terminado el plazo m\u00e1ximo de presentaci\u00f3n de preguntas, a quien vayan dirigidas las preguntas o peticiones solicitadas para que las pueda responder.<\/li><li>Alcald\u00eda leer\u00e1 la pregunta en voz alta.<\/li><li>Alcald\u00eda o a quien vaya dirigida la pregunta, la responder\u00e1 en la misma sesi\u00f3n del Pleno.<\/li><\/ul>\n","protected":false},"excerpt":{"rendered":"<p>El proper dilluns 18 de desembre, a les 18h, se celebrar\u00e0 el Ple Ordinari de l\u2019Ajuntament de la Bisbal del Pened\u00e8s corresponent al mes de desembre. S\u2019hi tractaran els punts &hellip; <a href=\"https:\/\/bisbalpenedes.com\/web\/2023\/12\/13\/el-proper-dilluns-18-de-desembre-se-celebrara-el-ple-ordinari-a-lajuntament-de-la-bisbal-del-penedes-corresponent-a-aquest-trimestre\/\" class=\"more-link\">Read More<\/a><\/p>\n","protected":false},"author":4,"featured_media":20647,"comment_status":"closed","ping_status":"closed","sticky":false,"template":"","format":"standard","meta":[],"categories":[8,2251,2250],"tags":[393,1374,139,249],"_links":{"self":[{"href":"https:\/\/bisbalpenedes.com\/web\/wp-json\/wp\/v2\/posts\/28496"}],"collection":[{"href":"https:\/\/bisbalpenedes.com\/web\/wp-json\/wp\/v2\/posts"}],"about":[{"href":"https:\/\/bisbalpenedes.com\/web\/wp-json\/wp\/v2\/types\/post"}],"author":[{"embeddable":true,"href":"https:\/\/bisbalpenedes.com\/web\/wp-json\/wp\/v2\/users\/4"}],"replies":[{"embeddable":true,"href":"https:\/\/bisbalpenedes.com\/web\/wp-json\/wp\/v2\/comments?post=28496"}],"version-history":[{"count":1,"href":"https:\/\/bisbalpenedes.com\/web\/wp-json\/wp\/v2\/posts\/28496\/revisions"}],"predecessor-version":[{"id":28497,"href":"https:\/\/bisbalpenedes.com\/web\/wp-json\/wp\/v2\/posts\/28496\/revisions\/28497"}],"wp:featuredmedia":[{"embeddable":true,"href":"https:\/\/bisbalpenedes.com\/web\/wp-json\/wp\/v2\/media\/20647"}],"wp:attachment":[{"href":"https:\/\/bisbalpenedes.com\/web\/wp-json\/wp\/v2\/media?parent=28496"}],"wp:term":[{"taxonomy":"category","embeddable":true,"href":"https:\/\/bisbalpenedes.com\/web\/wp-json\/wp\/v2\/categories?post=28496"},{"taxonomy":"post_tag","embeddable":true,"href":"https:\/\/bisbalpenedes.com\/web\/wp-json\/wp\/v2\/tags?post=28496"}],"curies":[{"name":"wp","href":"https:\/\/api.w.org\/{rel}","templated":true}]}}