{"id":28491,"date":"2023-12-13T10:37:13","date_gmt":"2023-12-13T08:37:13","guid":{"rendered":"https:\/\/bisbalpenedes.com\/web\/?p=28491"},"modified":"2023-12-13T10:37:13","modified_gmt":"2023-12-13T08:37:13","slug":"saprova-el-segon-i-ultim-pagament-de-la-subvencio-per-als-cursos-2021-22-i-2022-23-de-lescola-ull-de-vent","status":"publish","type":"post","link":"https:\/\/bisbalpenedes.com\/web\/2023\/12\/13\/saprova-el-segon-i-ultim-pagament-de-la-subvencio-per-als-cursos-2021-22-i-2022-23-de-lescola-ull-de-vent\/","title":{"rendered":"<strong>S&#8217;aprova el segon i \u00faltim pagament de la subvenci\u00f3 per als cursos 2021\/22 i 2022\/23 de l&#8217;Escola Ull de Vent<\/strong>"},"content":{"rendered":"\n<p>La Junta de govern de l&#8217;11 de desembre ha aprovat, a petici\u00f3 de la Regidoria d&#8217;Ensenyament, l&#8217;atorgament del segon i \u00faltim pagament a l&#8217;escola Ull de Vent per al curs actual i l&#8217;anterior, de 10.947,17\u20ac.<\/p>\n\n\n\n<p>L&#8217;octubre de 2022 es van iniciar els tr\u00e0mits per a la donaci\u00f3 de 33.600\u20ac a l&#8217;escola Ull de Vent per a material escolar dels cursos 2021\/2022 i 2022\/23 (60\u20ac per alumne), despr\u00e9s que la Regidoria d&#8217;Ensenyament es reun\u00eds amb la direcci\u00f3 del centre per fixar l&#8217;aportaci\u00f3 econ\u00f2mica per a ambd\u00f3s cursos. Com que la resoluci\u00f3 del Departament d&#8217;Educaci\u00f3 de la Generalitat va arribar el febrer de 2023, al mar\u00e7 es va aprovar el primer pagament de 16.800\u20ac i, ara, s&#8217;ha aprovat el pagament del 50% restant, que ha variat a la baixa perqu\u00e8 les despeses que ha justificat el centre educatiu s\u00f3n inferiors a la quantia sol\u00b7licitada inicialment.<\/p>\n\n\n\n<p>Amb aquests ajuts, A m\u00e9s d&#8217;aquesta subvenci\u00f3, l&#8217;Ajuntament de la Bisbal del Pened\u00e8s ajuda l&#8217;escola amb el r\u00e8nting de dues fotocopiadores i amb el subministrament de paper.<\/p>\n\n\n\n<hr class=\"wp-block-separator has-alpha-channel-opacity\"\/>\n\n\n\n<p><strong>CASTELLANO | <\/strong>La Junta de gobierno del 11 de diciembre ha aprobado, a petici\u00f3n de la Concejal\u00eda de Educaci\u00f3n, el otorgamiento del segundo y \u00faltimo pago a la escuela Ull de Vent para el curso actual y el anterior, de 10.947,17\u20ac.<\/p>\n\n\n\n<p>En octubre de 2022 se iniciaron los tr\u00e1mites para la donaci\u00f3n de 33.600\u20ac a la escuela Ull de Vent para material escolar de los cursos 2021\/2022 y 2022\/23 (60\u20ac por alumno), despu\u00e9s que la concejal\u00eda de Educaci\u00f3n se reuniese con la direcci\u00f3n del centro para fijar la aportaci\u00f3n econ\u00f3mica para ambos cursos. Como que la resoluci\u00f3n del Departamento de Educaci\u00f3n de la Generalitat lleg\u00f3 en febrero de 2023, en marzo se aprob\u00f3 el primer pago de 16.800\u20ac y, ahora, se ha aprobado el pago del 50% restante, que ha variado a la baja porque los gastos que ha justificado el centro educativo son inferiores a la cuant\u00eda solicitada inicialmente.<\/p>\n\n\n\n<p>Adem\u00e1s de esta subvenci\u00f3n, el Ayuntamiento de la Bisbal del Pened\u00e8s ayuda a la escuela con el renting de dos fotocopiadoras y con el suministro de papel.<\/p>\n","protected":false},"excerpt":{"rendered":"<p>La Junta de govern de l&#8217;11 de desembre ha aprovat, a petici\u00f3 de la Regidoria d&#8217;Ensenyament, l&#8217;atorgament del segon i \u00faltim pagament a l&#8217;escola Ull de Vent per al curs &hellip; <a href=\"https:\/\/bisbalpenedes.com\/web\/2023\/12\/13\/saprova-el-segon-i-ultim-pagament-de-la-subvencio-per-als-cursos-2021-22-i-2022-23-de-lescola-ull-de-vent\/\" class=\"more-link\">Read More<\/a><\/p>\n","protected":false},"author":4,"featured_media":27793,"comment_status":"closed","ping_status":"closed","sticky":false,"template":"","format":"standard","meta":[],"categories":[3456,8],"tags":[459,393,1374],"_links":{"self":[{"href":"https:\/\/bisbalpenedes.com\/web\/wp-json\/wp\/v2\/posts\/28491"}],"collection":[{"href":"https:\/\/bisbalpenedes.com\/web\/wp-json\/wp\/v2\/posts"}],"about":[{"href":"https:\/\/bisbalpenedes.com\/web\/wp-json\/wp\/v2\/types\/post"}],"author":[{"embeddable":true,"href":"https:\/\/bisbalpenedes.com\/web\/wp-json\/wp\/v2\/users\/4"}],"replies":[{"embeddable":true,"href":"https:\/\/bisbalpenedes.com\/web\/wp-json\/wp\/v2\/comments?post=28491"}],"version-history":[{"count":1,"href":"https:\/\/bisbalpenedes.com\/web\/wp-json\/wp\/v2\/posts\/28491\/revisions"}],"predecessor-version":[{"id":28492,"href":"https:\/\/bisbalpenedes.com\/web\/wp-json\/wp\/v2\/posts\/28491\/revisions\/28492"}],"wp:featuredmedia":[{"embeddable":true,"href":"https:\/\/bisbalpenedes.com\/web\/wp-json\/wp\/v2\/media\/27793"}],"wp:attachment":[{"href":"https:\/\/bisbalpenedes.com\/web\/wp-json\/wp\/v2\/media?parent=28491"}],"wp:term":[{"taxonomy":"category","embeddable":true,"href":"https:\/\/bisbalpenedes.com\/web\/wp-json\/wp\/v2\/categories?post=28491"},{"taxonomy":"post_tag","embeddable":true,"href":"https:\/\/bisbalpenedes.com\/web\/wp-json\/wp\/v2\/tags?post=28491"}],"curies":[{"name":"wp","href":"https:\/\/api.w.org\/{rel}","templated":true}]}}