{"id":28458,"date":"2023-12-11T12:11:42","date_gmt":"2023-12-11T10:11:42","guid":{"rendered":"https:\/\/bisbalpenedes.com\/web\/?p=28458"},"modified":"2023-12-11T12:11:42","modified_gmt":"2023-12-11T10:11:42","slug":"avis-per-possibles-talls-electrics-al-municipi","status":"publish","type":"post","link":"https:\/\/bisbalpenedes.com\/web\/2023\/12\/11\/avis-per-possibles-talls-electrics-al-municipi\/","title":{"rendered":"Av\u00eds per possibles talls el\u00e8ctrics al municipi"},"content":{"rendered":"\n<p>L\u2019Ajuntament de la Bisbal del Pened\u00e8s us informa que, a causa d\u2019una avaria el\u00e8ctrica, es poden donar diversos talls de llum al municipi. La companyia el\u00e8ctrica ens ha informat que est\u00e0 solucionant la incid\u00e8ncia. Disculpeu les mol\u00e8sties.<\/p>\n\n\n\n<hr class=\"wp-block-separator has-alpha-channel-opacity\"\/>\n\n\n\n<p><strong>CASTELLANO |&nbsp;<\/strong>El Ayuntamiento de la Bisbal del Pened\u00e8s os informa que, a causa de una aver\u00eda el\u00e9ctrica, se pueden dar varios cortes de luz en el municipio. La compa\u00f1\u00eda el\u00e9ctrica nos ha informado que est\u00e1 solucionando la incidencia. Disculpad las molestias.<\/p>\n","protected":false},"excerpt":{"rendered":"<p>L\u2019Ajuntament de la Bisbal del Pened\u00e8s us informa que, a causa d\u2019una avaria el\u00e8ctrica, es poden donar diversos talls de llum al municipi. La companyia el\u00e8ctrica ens ha informat que &hellip; <a href=\"https:\/\/bisbalpenedes.com\/web\/2023\/12\/11\/avis-per-possibles-talls-electrics-al-municipi\/\" class=\"more-link\">Read More<\/a><\/p>\n","protected":false},"author":4,"featured_media":28459,"comment_status":"closed","ping_status":"closed","sticky":false,"template":"","format":"standard","meta":[],"categories":[1628,8,3352],"tags":[459,442,393,6388,6389],"_links":{"self":[{"href":"https:\/\/bisbalpenedes.com\/web\/wp-json\/wp\/v2\/posts\/28458"}],"collection":[{"href":"https:\/\/bisbalpenedes.com\/web\/wp-json\/wp\/v2\/posts"}],"about":[{"href":"https:\/\/bisbalpenedes.com\/web\/wp-json\/wp\/v2\/types\/post"}],"author":[{"embeddable":true,"href":"https:\/\/bisbalpenedes.com\/web\/wp-json\/wp\/v2\/users\/4"}],"replies":[{"embeddable":true,"href":"https:\/\/bisbalpenedes.com\/web\/wp-json\/wp\/v2\/comments?post=28458"}],"version-history":[{"count":1,"href":"https:\/\/bisbalpenedes.com\/web\/wp-json\/wp\/v2\/posts\/28458\/revisions"}],"predecessor-version":[{"id":28460,"href":"https:\/\/bisbalpenedes.com\/web\/wp-json\/wp\/v2\/posts\/28458\/revisions\/28460"}],"wp:featuredmedia":[{"embeddable":true,"href":"https:\/\/bisbalpenedes.com\/web\/wp-json\/wp\/v2\/media\/28459"}],"wp:attachment":[{"href":"https:\/\/bisbalpenedes.com\/web\/wp-json\/wp\/v2\/media?parent=28458"}],"wp:term":[{"taxonomy":"category","embeddable":true,"href":"https:\/\/bisbalpenedes.com\/web\/wp-json\/wp\/v2\/categories?post=28458"},{"taxonomy":"post_tag","embeddable":true,"href":"https:\/\/bisbalpenedes.com\/web\/wp-json\/wp\/v2\/tags?post=28458"}],"curies":[{"name":"wp","href":"https:\/\/api.w.org\/{rel}","templated":true}]}}