{"id":28448,"date":"2023-12-08T22:19:07","date_gmt":"2023-12-08T20:19:07","guid":{"rendered":"https:\/\/bisbalpenedes.com\/web\/?p=28448"},"modified":"2023-12-08T22:19:35","modified_gmt":"2023-12-08T20:19:35","slug":"xerrada-de-conscienciacio-sobre-la-salut-sexual-i-reproductiva-amb-motiu-de-la-marato-de-3cat-divendres-15-de-desembre-a-les-19h","status":"publish","type":"post","link":"https:\/\/bisbalpenedes.com\/web\/2023\/12\/08\/xerrada-de-conscienciacio-sobre-la-salut-sexual-i-reproductiva-amb-motiu-de-la-marato-de-3cat-divendres-15-de-desembre-a-les-19h\/","title":{"rendered":"Xerrada de conscienciaci\u00f3 sobre la salut sexual i reproductiva amb motiu de La Marat\u00f3 de 3cat: divendres 15 de desembre a les 19h"},"content":{"rendered":"\n<p>El divendres 15 de desembre, a les 19h, la <a href=\"https:\/\/www.facebook.com\/BibliotecaBisbal?__cft__[0]=AZXYFp1FBKvuoy76uRHPO5J-ooR-5ZXFQjCiezEXFbivzDAnXEjpYnND_IdvpvLzZLPCwVxxm1KOyLmopnFZ4nnYsRzh7k3iG5-Aaj1o6aOzducDi6enO27Emnf52ibbMjEo-7gNsYNDSf_ZVgKrG6gssIeymhRpSUu_2has-bcbqk928fNh5rlJBeS_2pUO-_w&amp;__tn__=-]K-R\">Biblioteca p\u00fablica de la Bisbal del Pened\u00e8s<\/a> acollir\u00e0 una xerrada de conscienciaci\u00f3 sobre la salut sexual i reproductiva, amb motiu de La Marat\u00f3 de 3cat d&#8217;enguany.<\/p>\n\n\n\n<hr class=\"wp-block-separator has-alpha-channel-opacity\"\/>\n\n\n\n<p>El viernes 15 de diciembre, a las 19h, la Biblioteca p\u00fablica de la Bisbal del Pened\u00e8s acoger\u00e1 una charla de concienciaci\u00f3n sobre la salud sexual y reproductiva, con motivo de La Marat\u00f3 de 3cat de este a\u00f1o.<\/p>\n\n\n\n<p><\/p>\n","protected":false},"excerpt":{"rendered":"<p>El divendres 15 de desembre, a les 19h, la Biblioteca p\u00fablica de la Bisbal del Pened\u00e8s acollir\u00e0 una xerrada de conscienciaci\u00f3 sobre la salut sexual i reproductiva, amb motiu de &hellip; <a href=\"https:\/\/bisbalpenedes.com\/web\/2023\/12\/08\/xerrada-de-conscienciacio-sobre-la-salut-sexual-i-reproductiva-amb-motiu-de-la-marato-de-3cat-divendres-15-de-desembre-a-les-19h\/\" class=\"more-link\">Read More<\/a><\/p>\n","protected":false},"author":4,"featured_media":28442,"comment_status":"closed","ping_status":"closed","sticky":false,"template":"","format":"standard","meta":[],"categories":[8,14],"tags":[459,3001,393,1374,45],"_links":{"self":[{"href":"https:\/\/bisbalpenedes.com\/web\/wp-json\/wp\/v2\/posts\/28448"}],"collection":[{"href":"https:\/\/bisbalpenedes.com\/web\/wp-json\/wp\/v2\/posts"}],"about":[{"href":"https:\/\/bisbalpenedes.com\/web\/wp-json\/wp\/v2\/types\/post"}],"author":[{"embeddable":true,"href":"https:\/\/bisbalpenedes.com\/web\/wp-json\/wp\/v2\/users\/4"}],"replies":[{"embeddable":true,"href":"https:\/\/bisbalpenedes.com\/web\/wp-json\/wp\/v2\/comments?post=28448"}],"version-history":[{"count":1,"href":"https:\/\/bisbalpenedes.com\/web\/wp-json\/wp\/v2\/posts\/28448\/revisions"}],"predecessor-version":[{"id":28449,"href":"https:\/\/bisbalpenedes.com\/web\/wp-json\/wp\/v2\/posts\/28448\/revisions\/28449"}],"wp:featuredmedia":[{"embeddable":true,"href":"https:\/\/bisbalpenedes.com\/web\/wp-json\/wp\/v2\/media\/28442"}],"wp:attachment":[{"href":"https:\/\/bisbalpenedes.com\/web\/wp-json\/wp\/v2\/media?parent=28448"}],"wp:term":[{"taxonomy":"category","embeddable":true,"href":"https:\/\/bisbalpenedes.com\/web\/wp-json\/wp\/v2\/categories?post=28448"},{"taxonomy":"post_tag","embeddable":true,"href":"https:\/\/bisbalpenedes.com\/web\/wp-json\/wp\/v2\/tags?post=28448"}],"curies":[{"name":"wp","href":"https:\/\/api.w.org\/{rel}","templated":true}]}}