{"id":28429,"date":"2023-12-07T13:31:43","date_gmt":"2023-12-07T11:31:43","guid":{"rendered":"https:\/\/bisbalpenedes.com\/web\/?p=28429"},"modified":"2023-12-07T13:44:50","modified_gmt":"2023-12-07T11:44:50","slug":"dues-bisbalenques-han-organitzat-un-gran-esdeveniment-a-barcelona-per-la-marato-de-tv3","status":"publish","type":"post","link":"https:\/\/bisbalpenedes.com\/web\/2023\/12\/07\/dues-bisbalenques-han-organitzat-un-gran-esdeveniment-a-barcelona-per-la-marato-de-tv3\/","title":{"rendered":"<strong>Dues bisbalenques han organitzat un gran esdeveniment a Barcelona per la Marat\u00f3 de TV3<\/strong>"},"content":{"rendered":"\n<p>La bisbalenca Beth Catal\u00e0 i la seva mare, Yolanda Gom\u00e0, juntament amb Xesca L\u00f3pez de la firma \u2018108 Joyas\u2019, han organitzat el Fashion Show BCN Marat\u00f3 TV3 (ara 3cat) recentment. Concretament, l\u2019esdeveniment es va celebrar el passat 26 de novembre al lux\u00f3s hotel Avenida Palace i va recaptar 2.000\u20ac per a La Marat\u00f3 d\u2019enguany, que est\u00e0 dedicada a la salut sexual i reproductiva.<\/p>\n\n\n\n<p>L\u2019actriu i model bisbalenca Beth Catal\u00e0, amb nom\u00e9s 13 anys, va desfilar en un esdeveniment presentat per Nonna Cardoner (Catalunya aixeca el tel\u00f3 \/ Benvinguts a la fam\u00edlia de Televisi\u00f3 de Catalunya) i el Viktor Marko (Koreo de SX3) al mat\u00ed i per la instagramera valenciana @sylviaangeleyes a la tarda. La desfilada de moda va comptar amb m\u00e9s de 160 models en diferents torns: kids (infants), teens (adolescents), vestits de gala i n\u00favies, i van prendre part de l\u2019esdeveniment prop d\u2019una trentena de dissenyadors. La gala, a m\u00e9s, va comptar amb les actuacions de Dom\u00e8nec i Elena, del programa de TV3 Euf\u00f2ria, del Loudy i de la soprano Julia Vi\u00f1as.<\/p>\n\n\n\n<p>La bisbalenca Beth Catal\u00e0 s\u2019ha mostrat molt satisfeta dels resultats \u201cs\u2019ha fet molta feina per poder dur a terme aquest esdeveniment i estic supercontenta d\u2019haver pogut participar-hi, tant en l\u2019organitzaci\u00f3 com en l\u2019acte en si. Tamb\u00e9 sento molt d\u2019agra\u00efment pel fet de veure el munt de gent que s\u2019ha sumat a participar en aquest esdeveniment solidari. Gr\u00e0cies a tots i totes, de tot cor!\u201d.<\/p>\n\n\n\n<p>Des de l\u2019Ajuntament de la Bisbal del Pened\u00e8s felicitem aquestes dues bisbalenques per tirar endavant aquesta gran iniciativa.<\/p>\n\n\n\n<hr class=\"wp-block-separator has-alpha-channel-opacity\"\/>\n\n\n\n<p><strong>CASTELLANO |\u00a0<\/strong>La bisbalenca Beth Catal\u00e0 y su madre, Yolanda Gom\u00e0, junto con Xesca L\u00f3pez de la firma \u2018108 Joyas\u2019, han organizado el Fashion Show BCN Marat\u00f3 TV3 (ahora 3cat) recientemente. Concretamente, el evento se celebr\u00f3 el pasado 26 de noviembre en el lujoso hotel Avenida Palace y recaud\u00f3 2.000\u20ac para la Marat\u00f3 de este a\u00f1o, que est\u00e1 dedicada a la salud sexual y reproductiva.<\/p>\n\n\n\n<p>La actriz y modelo bisbalenca Beth Catal\u00e0, con solamente 13 a\u00f1os, desfil\u00f3 en un evento presentado por Nonna Cardoner (Catalunya aixeca el tel\u00f3 \/ Benvinguts a la fam\u00edlia de Televisi\u00f3 de Catalunya) y Viktor Marko (Koreo de SX3) por la ma\u00f1ana y por la instagramer valenciana @sylviaangeleyes por la tarde. El desfile de moda cont\u00f3 con m\u00e1s de 160 modelos en distintos turnos: kids (ni\u00f1os), teens (adolescentes), vestidos de gala y novias, y tomaron parte del evento cerca de una treintena de dise\u00f1adores. La gala, adem\u00e1s, cont\u00f3 con las actuaciones de Dom\u00e8nec y Elena, del programa de TV3 Euf\u00f2ria, de Loudy y de la soprano Julia Vi\u00f1as.<\/p>\n\n\n\n<p>La bisbalenca Beth Catal\u00e0 se ha mostrado muy satisfecha de los resultados \u201cse ha hecho mucho trabajo para poder llevar a cabo este evento y estoy supercontenta de haber podido participar en este, tanto en la organizaci\u00f3n como en el acto en s\u00ed. Tambi\u00e9n siento mucho agradecimiento por el hecho de ver el mont\u00f3n de gente que se ha sumado a participar en este evento solidario. \u00a1Gracias a todos y todas, de coraz\u00f3n!\u201d<\/p>\n\n\n\n<p>Desde el Ayuntamiento de la Bisbal del Pened\u00e8s felicitamos a estas dos bisbalenques por sacar adelante esta gran iniciativa.<\/p>\n","protected":false},"excerpt":{"rendered":"<p>La bisbalenca Beth Catal\u00e0 i la seva mare, Yolanda Gom\u00e0, juntament amb Xesca L\u00f3pez de la firma \u2018108 Joyas\u2019, han organitzat el Fashion Show BCN Marat\u00f3 TV3 (ara 3cat) recentment. &hellip; <a href=\"https:\/\/bisbalpenedes.com\/web\/2023\/12\/07\/dues-bisbalenques-han-organitzat-un-gran-esdeveniment-a-barcelona-per-la-marato-de-tv3\/\" class=\"more-link\">Read More<\/a><\/p>\n","protected":false},"author":4,"featured_media":28430,"comment_status":"closed","ping_status":"closed","sticky":false,"template":"","format":"standard","meta":[],"categories":[2370,8],"tags":[459,5969,393,903,1374],"_links":{"self":[{"href":"https:\/\/bisbalpenedes.com\/web\/wp-json\/wp\/v2\/posts\/28429"}],"collection":[{"href":"https:\/\/bisbalpenedes.com\/web\/wp-json\/wp\/v2\/posts"}],"about":[{"href":"https:\/\/bisbalpenedes.com\/web\/wp-json\/wp\/v2\/types\/post"}],"author":[{"embeddable":true,"href":"https:\/\/bisbalpenedes.com\/web\/wp-json\/wp\/v2\/users\/4"}],"replies":[{"embeddable":true,"href":"https:\/\/bisbalpenedes.com\/web\/wp-json\/wp\/v2\/comments?post=28429"}],"version-history":[{"count":3,"href":"https:\/\/bisbalpenedes.com\/web\/wp-json\/wp\/v2\/posts\/28429\/revisions"}],"predecessor-version":[{"id":28433,"href":"https:\/\/bisbalpenedes.com\/web\/wp-json\/wp\/v2\/posts\/28429\/revisions\/28433"}],"wp:featuredmedia":[{"embeddable":true,"href":"https:\/\/bisbalpenedes.com\/web\/wp-json\/wp\/v2\/media\/28430"}],"wp:attachment":[{"href":"https:\/\/bisbalpenedes.com\/web\/wp-json\/wp\/v2\/media?parent=28429"}],"wp:term":[{"taxonomy":"category","embeddable":true,"href":"https:\/\/bisbalpenedes.com\/web\/wp-json\/wp\/v2\/categories?post=28429"},{"taxonomy":"post_tag","embeddable":true,"href":"https:\/\/bisbalpenedes.com\/web\/wp-json\/wp\/v2\/tags?post=28429"}],"curies":[{"name":"wp","href":"https:\/\/api.w.org\/{rel}","templated":true}]}}