{"id":28421,"date":"2023-12-05T16:36:09","date_gmt":"2023-12-05T14:36:09","guid":{"rendered":"https:\/\/bisbalpenedes.com\/web\/?p=28421"},"modified":"2023-12-05T16:37:37","modified_gmt":"2023-12-05T14:37:37","slug":"el-proper-dilluns-11-de-desembre-se-celebara-una-junta-de-govern-que-conte-una-proposta-amb-competencia-delegada-del-ple-a-lordre-del-dia","status":"publish","type":"post","link":"https:\/\/bisbalpenedes.com\/web\/2023\/12\/05\/el-proper-dilluns-11-de-desembre-se-celebara-una-junta-de-govern-que-conte-una-proposta-amb-competencia-delegada-del-ple-a-lordre-del-dia\/","title":{"rendered":"El proper dilluns 11 de desembre se celebrar\u00e0 una Junta de govern que cont\u00e9 una proposta amb compet\u00e8ncia delegada del Ple a l&#8217;ordre del dia"},"content":{"rendered":"\n<p>Aquest dilluns s\u2019ha convocat la Junta de govern per al dilluns 11 de desembre. Un dels punts de l\u2019ordre del dia \u00e9s amb compet\u00e8ncia del Ple delegada a la Junta de govern, segons l&#8217;acord plenari del 6 de juliol de 2023.\u00a0<\/p>\n\n\n\n<p>\u00c9s el seg\u00fcent:<\/p>\n\n\n\n<ul><li> Aprovaci\u00f3 de la certificaci\u00f3 n\u00famero 5 de les obres de la fassina<\/li><\/ul>\n\n\n\n<p>Les sessions de la Junta de govern local no s\u00f3n p\u00fabliques, per\u00f2 quan actua en compet\u00e8ncies delegades del Ple, la sessi\u00f3 se sotmet als mateixos requisits de publicitat que les sessions del Ple, que s\u00f3n p\u00fabliques. Aix\u00ed ho va declarar la STS 161\/2013, de 26 de setembre.<\/p>\n\n\n\n<p>Per aquest motiu, a les 12:15h s\u2019obriran les portes de la sala de plens per tal que pugui assistir-hi p\u00fablic. Tamb\u00e9 es gravar\u00e0 aquest punt de l&#8217;ordre del dia i posteriorment es publicar\u00e0 el v\u00eddeo per garantir la seva publicitat. L&#8217;alcaldessa els ha fet aRribar la proposta als regidors i regidores de l\u2019oposici\u00f3.<\/p>\n\n\n\n<hr class=\"wp-block-separator has-alpha-channel-opacity\"\/>\n\n\n\n<p><strong>CASTELLANO | <\/strong>Este lunes se ha convocado la Junta de Gobierno para el lunes 11 de diciembre. Uno de los puntos del orden del d\u00eda es con competencia del Pleno delegada a la Junta de gobierno, seg\u00fan el acuerdo plenario del 6 de julio de 2023.<\/p>\n\n\n\n<p>Es el siguiente:<\/p>\n\n\n\n<ul><li>Aprobaci\u00f3n de la certificaci\u00f3n n\u00famero 5 de las obras de la \u2018fassina\u2019<\/li><\/ul>\n\n\n\n<p>Las sesiones de la Junta de Gobierno local no son p\u00fablicas, pero cuando act\u00faa en competencias delegadas del Pleno, la sesi\u00f3n se somete a los mismos requisitos de publicidad que las sesiones del Pleno, que son p\u00fablicas. As\u00ed lo declar\u00f3 la STS 161\/2013, de 26 de septiembre. Por este motivo ,a las 12.15h se abrir\u00e1n las puertas de la sala de plenos con tal que pueda asistir p\u00fablico. Tambi\u00e9n se grabar\u00e1 este punto del orden del d\u00eda y posteriormente se publicar\u00e1 el v\u00eddeo para garantizar su publicidad. La alcaldesa les ha hecho llegar la propuesta a los concejales y concejalas de la oposici\u00f3n.<\/p>\n","protected":false},"excerpt":{"rendered":"<p>Aquest dilluns s\u2019ha convocat la Junta de govern per al dilluns 11 de desembre. Un dels punts de l\u2019ordre del dia \u00e9s amb compet\u00e8ncia del Ple delegada a la Junta &hellip; <a href=\"https:\/\/bisbalpenedes.com\/web\/2023\/12\/05\/el-proper-dilluns-11-de-desembre-se-celebara-una-junta-de-govern-que-conte-una-proposta-amb-competencia-delegada-del-ple-a-lordre-del-dia\/\" class=\"more-link\">Read More<\/a><\/p>\n","protected":false},"author":4,"featured_media":28071,"comment_status":"closed","ping_status":"closed","sticky":false,"template":"","format":"standard","meta":[],"categories":[3085,8],"tags":[459,686,393,3504,4277,3779],"_links":{"self":[{"href":"https:\/\/bisbalpenedes.com\/web\/wp-json\/wp\/v2\/posts\/28421"}],"collection":[{"href":"https:\/\/bisbalpenedes.com\/web\/wp-json\/wp\/v2\/posts"}],"about":[{"href":"https:\/\/bisbalpenedes.com\/web\/wp-json\/wp\/v2\/types\/post"}],"author":[{"embeddable":true,"href":"https:\/\/bisbalpenedes.com\/web\/wp-json\/wp\/v2\/users\/4"}],"replies":[{"embeddable":true,"href":"https:\/\/bisbalpenedes.com\/web\/wp-json\/wp\/v2\/comments?post=28421"}],"version-history":[{"count":2,"href":"https:\/\/bisbalpenedes.com\/web\/wp-json\/wp\/v2\/posts\/28421\/revisions"}],"predecessor-version":[{"id":28423,"href":"https:\/\/bisbalpenedes.com\/web\/wp-json\/wp\/v2\/posts\/28421\/revisions\/28423"}],"wp:featuredmedia":[{"embeddable":true,"href":"https:\/\/bisbalpenedes.com\/web\/wp-json\/wp\/v2\/media\/28071"}],"wp:attachment":[{"href":"https:\/\/bisbalpenedes.com\/web\/wp-json\/wp\/v2\/media?parent=28421"}],"wp:term":[{"taxonomy":"category","embeddable":true,"href":"https:\/\/bisbalpenedes.com\/web\/wp-json\/wp\/v2\/categories?post=28421"},{"taxonomy":"post_tag","embeddable":true,"href":"https:\/\/bisbalpenedes.com\/web\/wp-json\/wp\/v2\/tags?post=28421"}],"curies":[{"name":"wp","href":"https:\/\/api.w.org\/{rel}","templated":true}]}}