{"id":28407,"date":"2023-12-04T19:03:49","date_gmt":"2023-12-04T17:03:49","guid":{"rendered":"https:\/\/bisbalpenedes.com\/web\/?p=28407"},"modified":"2023-12-21T15:11:45","modified_gmt":"2023-12-21T13:11:45","slug":"el-9-de-desembre-comenca-la-campanya-comercial-troba-la-llum-del-nadal","status":"publish","type":"post","link":"https:\/\/bisbalpenedes.com\/web\/2023\/12\/04\/el-9-de-desembre-comenca-la-campanya-comercial-troba-la-llum-del-nadal\/","title":{"rendered":"El 9 de desembre comen\u00e7a la campanya comercial &#8216;Troba la Llum del Nadal&#8217; &#8211; A banda dels premis i el sorteig habitual de la campanya, enguany el municipi compta amb l&#8217;al\u00b7licient de l&#8217;art mural, que vesteix els carrers del municipi"},"content":{"rendered":"\n<p>L\u2019Ajuntament de la Bisbal del Pened\u00e8s i la Cambra de Comer\u00e7 de Tarragona duen a terme, un any m\u00e9s, una campanya per dinamitzar i donar visibilitat al teixit comercial abans de les festes nadalenques, entre el dissabte 9 i el diumenge 17 de desembre. Es tracta d\u2019una campanya que premiar\u00e0 la fidelitat dels ve\u00efns i les ve\u00efnes que comprin a la Bisbal amb obsequis, promocions i amb la participaci\u00f3 en un sorteig de lots de productes bisbalencs. La iniciativa compta amb la participaci\u00f3 de m\u00e9s de vint comer\u00e7os i empreses de serveis de la Bisbal del Pened\u00e8s que duran a terme accions presencials i tamb\u00e9 iniciatives a trav\u00e9s d\u2019Instagram. Per aquest motiu, durant les darreres setmanes els comerciants bisbalencs han participat en una formaci\u00f3 centrada en l&#8217;\u00fas de l&#8217;eina d&#8217;intel\u00b7lig\u00e8ncia artificial Chat GPT, amb la intenci\u00f3 que aprenguin a simplificar les tasques de creaci\u00f3 de continguts per promocionar els seus productes.<\/p>\n\n\n\n<p><strong>FUNCIONAMENT DE LA CAMPANYA<\/strong><\/p>\n\n\n\n<p>El funcionament de la campanya ser\u00e0 el seg\u00fcent: els clients que adquireixin serveis o vagin a comprar als comer\u00e7os bisbalencs, podran anar omplint una butlleta amb els segells de les botigues. Quan tinguin el segell de cinc establiments diferents, es podran adre\u00e7ar a l\u2019Ajuntament amb la butlleta emplenada per rebre la Llum del Nadal -enguany, novament, en format d\u2019espelma- i participar en el sorteig de tres lots de productes bisbalencs. A m\u00e9s, els establiments participants oferiran promocions amb les quals es podr\u00e0 obtenir l&#8217;arbre de Nadal imantat per a la nevera, que cont\u00e9 un bloc de notes amb llapis i un codi QR per accedir a la realitat augmentada dels murals.<\/p>\n\n\n\n<p>Quant a Instagram, els comer\u00e7os i empreses de serveis que participen en la campanya ja han comen\u00e7at a mostrar els seus productes, serveis, ofertes i promocions a trav\u00e9s de la xarxa social. La campanya es vehicula a trav\u00e9s de l\u2019etiqueta #JoComproALaBisbal i els clients poden utilitzar aquest mateix&nbsp;<em>hashtag<\/em>&nbsp;per publicar fotografies amb productes bisbalencs o relacionades amb la campanya comercial i Nadal.<\/p>\n\n\n\n<p>La presidenta de la Cambra de Comer\u00e7 de Tarragona, Laura Roig\u00e9, considera que&nbsp;<em>&#8220;el comer\u00e7 de la Bisbal&nbsp;es reinventa per Nadal&nbsp;cada any. Els establiments prenen el comprom\u00eds de participar en la campanya &#8216;Troba la llum del Nadal&#8217;, i tot plegat genera un caliu i un moviment admirable els dies abans de Nadal, per\u00f2 tamb\u00e9 un repte professional de formar-se, pensar en promocions o buscar m\u00e9s col\u00b7laboraci\u00f3 entre tots plegats. Els establiments locals&nbsp;donen vida, ambient, ocupaci\u00f3 i una relaci\u00f3 de proximitat, perqu\u00e8 la relaci\u00f3 entre venedor i comprador als pobles \u00e9s diferent. Felicitats als comer\u00e7os i als establiments de la Bisbal per la feina que feu tot l&#8217;any!&#8221;<\/em><\/p>\n\n\n\n<p>Judith Vidal, ha explicat que com a regidora de Comer\u00e7 se sent cofoia de poder engegar, un any m\u00e9s, la campanya \u2018Troba la Llum del Nadal\u2019: <em>&#8220;tenim una xarxa comercial que va creixent, amb l&#8217;obertura de nous establiments que, a m\u00e9s, s&#8217;adhereixen tamb\u00e9 a les campanyes comercials que organitzem entre l&#8217;Ajuntament de la Bisbal del Pened\u00e8s i la Cambra de Comer\u00e7 amb l&#8217;objectiu que les botigues puguin mostrar els seus productes i potenciar els seus establiments&#8221;. <\/em>Quant a la campanya, la regidora ha explicat que <em>&#8220;si ja ten\u00edem el gran al\u00b7licient de comptar amb comer\u00e7os de proximitat de tota mena que, a m\u00e9s, ofereixen un servei i uns productes de qualitat, enguany encara tenim un al\u00b7licient m\u00e9s: qui vingui a comprar podr\u00e0 visitar la ruta dels murals, tot gaudint de l&#8217;art de carrer i de la realitat augmentada!&#8221; i ha destacat que &#8220;a petici\u00f3 dels nostres comer\u00e7os, enguany hem adquirit arbres de nadal per a les botigues, la qual cosa far\u00e0 que passejar per les botigues sigui encara m\u00e9s nadalenc&#8221;.<\/em><\/p>\n\n\n\n<p><em>El sorteig dels tres lots de productes bisbalencs es far\u00e0 el dimecres 20 de desembre, a les 13h, en directe al perfil d&#8217;Instagram de l&#8217;Ajuntament de la Bisbal del Pened\u00e8s: <a href=\"http:\/\/www.instagram.com\/bisbalpenedes\" target=\"_blank\" rel=\"noreferrer noopener\">www.instagram.com\/bisbalpenedes (@bisbalpenedes).<\/a><\/em><\/p>\n\n\n\n<p><em><strong><a href=\"https:\/\/bisbalpenedes.com\/web\/2023\/12\/01\/aquest-dijous-sha-celebrat-la-gala-del-comerc-bisbalenc-per-segon-any-consecutiu\/\" target=\"_blank\" rel=\"noreferrer noopener\">SEGONA GALA DEL COMER\u00c7 BISBALENC<\/a><\/strong><\/em><\/p>\n\n\n\n<p><em>El passat dijous 30 de novembre l&#8217;Ajuntament de la Bisbal del Pened\u00e8s va celebrar la 2a edici\u00f3 de la &#8216;Gala del comer\u00e7 bisbalenc&#8217;, un esdeveniment adre\u00e7at als establiments comercials de la Bisbal que va comptar amb la pres\u00e8ncia de representants de la Cambra de Comer\u00e7 de Tarragona i de l&#8217;equip de govern. Aquest esdeveniment va servir per presentar la campanya i els seus materials als participants per\u00f2, alhora, per compartir una bona estona amb un sopar a peu dret.<\/em><\/p>\n\n\n\n<hr class=\"wp-block-separator has-alpha-channel-opacity\"\/>\n\n\n\n<p><strong>CASTELLANO |<\/strong> El Ajuntament de la Bisbal del Pened\u00e8s y la Cambra de Comer\u00e7 de Tarragona llevan a cabo, un a\u00f1o m\u00e1s, una campa\u00f1a para dinamizar y dar visibilidad al tejido comercial antes de las fiestas navide\u00f1as, entre el s\u00e1bado 9 y el domingo 17 de diciembre. Se trata de una campa\u00f1a que premiar\u00e1 la fidelidad de los vecinos y las vecinas que compren en la Bisbal con obsequios, promociones y con la participaci\u00f3n de m\u00e1s de veinte comercios y empresas de servicios de la Bisbal del Pened\u00e8s que llevar\u00e1n a cabo acciones presenciales y tambi\u00e9n iniciativas a trav\u00e9s de Instagram. Por este motivo, durante las \u00faltimas semanas los comerciantes bisbalencs han participado en una formaci\u00f3n centrada en el uso de la herramienta de inteligencia artificial Chat GPT, con la intenci\u00f3n de que aprendan a simplificar los trabajos de creaci\u00f3n de contenidos para promocionar sus productos.<\/p>\n\n\n\n<p><strong>FUNCIONAMIENTO DE LA CAMPA\u00d1A<\/strong><\/p>\n\n\n\n<p>El funcionamiento de la campa\u00f1a ser\u00e1 el siguiente: los clientes que adquieran servicios o vayan a comprar a los comercios bisbalencs, podr\u00e1n ir llenando el tarjet\u00f3n con los sellos de las tiendas. Cuando tengan el sello de cinco establecimientos distintos, se podr\u00e1n dirigir al Ajuntament con el tarjet\u00f3n rellenado para recibir la Llum del Nadal -este a\u00f1o, nuevamente, en formato de vela- y participar en el sorteo de tres lotes de productos bisbalencs. Adem\u00e1s, los establecimientos participantes ofrecer\u00e1n promociones con las cuales se podr\u00e1 obtener el \u00e1rbol de Navidad imantado para la nevera, que contiene un bloc de notas con l\u00e1piz y un c\u00f3digo QR para acceder a la realidad aumentada de los murales.<\/p>\n\n\n\n<p>En cuanto a Instagram, los comercios y empresas de servicios que participan en la campa\u00f1a ya han empezado a mostrar sus productos, servicios, ofertas y promociones a trav\u00e9s de la red social. La campa\u00f1a se vehicula a trav\u00e9s de la etiqueta #JoComproALaBisbal y los clientes pueden utilizar este mismo hashtag para publicar fotograf\u00edas con productos bisbalencs o relacionadas con la campa\u00f1a comercial y Navidad.<\/p>\n\n\n\n<p>La presidenta de la Cambra de Comer\u00e7 de Tarragona, Laura Roig\u00e9, considera que <em>&#8220;el comercio de la Bisbal se reinventa a\u00f1o tras a\u00f1o. Los establecimientos toman el compromiso de participar en la campa\u00f1a &#8216;Troba la Llum del Nadal&#8217;, y todo ello genera un ambiente acogedor y un movimiento admirable los d\u00edas previos a la Navidad, pero tambi\u00e9n un reto profesional de formarse, pensar en promociones o buscar m\u00e1s colaboraci\u00f3n entre todos. Los establecimientos locales dan vida, ambiente, ocupaci\u00f3n y una relaci\u00f3n de proximidad, porque la relaci\u00f3n entre vendedor y comprador en los pueblos es distinta. \u00a1Felicidades a los comercios y a los establecimientos de la Bisbal por el trabajo que hac\u00e9is todo el a\u00f1o!&#8221;.<\/em><\/p>\n\n\n\n<p>Judith Vidal, ha explicado que como concejala de Comercio se siente orgullosa de poder arrancar, un a\u00f1o m\u00e1s, la campa\u00f1a &#8216;Troba la Llum del Nadal&#8217;:<em> &#8220;tenemos una red comercial que va creciendo, con la apertura de nuevos establecimientos que, adem\u00e1s, se adhieren tambi\u00e9n a las campa\u00f1as comerciales que organizamos entre el Ayuntamiento de la Bisbal del Pened\u00e8s y la Cambra de Comer\u00e7 con el objetivo de que las tiendas puedan mostrar sus productos y potenciar sus establecimientos&#8221;. <\/em>En cuanto a la campa\u00f1a, la concejala ha explicado que <em>&#8220;si ya ten\u00edamos el gran aliciente de contar con comercios de proximidad de todo tipo que, adem\u00e1s, ofrecen un servicio y unos productos de calidad, este a\u00f1o todav\u00eda tenemos un aliciente m\u00e1s: \u00a1Qui\u00e9n venga a comprar podr\u00e1 visitar la ruta de los murales, disfrutando del arte de calle y de la realidad aumentada!&#8221;<\/em> y ha destacado que <em>&#8220;a petici\u00f3n de nuestros comercios, este a\u00f1o hemos adquirido \u00e1rboles de Navidad para las tiendas, la cual cosa har\u00e1 que pasear por las tiendas sea todav\u00eda m\u00e1s navide\u00f1o&#8221;.<\/em><\/p>\n\n\n\n<p>El sorteo de los tres lotes de productos bisbalencs se har\u00e1 el mi\u00e9rcoles 20 de diciembre, a las 13h, en directo en el perfil de Instagram del Ajuntament de la Bisbal del Pened\u00e8s: <em><a href=\"http:\/\/www.instagram.com\/bisbalpenedes\" target=\"_blank\" rel=\"noreferrer noopener\">www.instagram.com\/bisbalpenedes (@bisbalpenedes).<\/a><\/em><\/p>\n\n\n\n<p><em><strong><a href=\"https:\/\/bisbalpenedes.com\/web\/2023\/12\/01\/aquest-dijous-sha-celebrat-la-gala-del-comerc-bisbalenc-per-segon-any-consecutiu\/\" target=\"_blank\" rel=\"noreferrer noopener\">SEGUNDA GALA DEL COMERCIO BISBALENC<\/a><\/strong><\/em><\/p>\n\n\n\n<p><em>El pasado jueves 30 de noviembre el Ajuntament de la Bisbal del Pened\u00e8s celebr\u00f3 la 2\u00aa edici\u00f3n de la &#8216;gala del comercio bisbalenc&#8217;, un evento dirigido a los establecimientos comerciales de la Bisbal que cont\u00f3 con la presencia de representantes de la Cambra de Comer\u00e7 de Tarragona y del equipo de gobierno. Este evento sirvi\u00f3 para presentar la campa\u00f1a y sus materiales a los participantes pero, a la vez, para compartir un buen rato con una cena de pie.<\/em><\/p>\n","protected":false},"excerpt":{"rendered":"<p>L\u2019Ajuntament de la Bisbal del Pened\u00e8s i la Cambra de Comer\u00e7 de Tarragona duen a terme, un any m\u00e9s, una campanya per dinamitzar i donar visibilitat al teixit comercial abans &hellip; <a href=\"https:\/\/bisbalpenedes.com\/web\/2023\/12\/04\/el-9-de-desembre-comenca-la-campanya-comercial-troba-la-llum-del-nadal\/\" class=\"more-link\">Read More<\/a><\/p>\n","protected":false},"author":4,"featured_media":28411,"comment_status":"closed","ping_status":"closed","sticky":false,"template":"","format":"standard","meta":[],"categories":[3860,8],"tags":[459,4246,393,1374,4245],"_links":{"self":[{"href":"https:\/\/bisbalpenedes.com\/web\/wp-json\/wp\/v2\/posts\/28407"}],"collection":[{"href":"https:\/\/bisbalpenedes.com\/web\/wp-json\/wp\/v2\/posts"}],"about":[{"href":"https:\/\/bisbalpenedes.com\/web\/wp-json\/wp\/v2\/types\/post"}],"author":[{"embeddable":true,"href":"https:\/\/bisbalpenedes.com\/web\/wp-json\/wp\/v2\/users\/4"}],"replies":[{"embeddable":true,"href":"https:\/\/bisbalpenedes.com\/web\/wp-json\/wp\/v2\/comments?post=28407"}],"version-history":[{"count":6,"href":"https:\/\/bisbalpenedes.com\/web\/wp-json\/wp\/v2\/posts\/28407\/revisions"}],"predecessor-version":[{"id":28418,"href":"https:\/\/bisbalpenedes.com\/web\/wp-json\/wp\/v2\/posts\/28407\/revisions\/28418"}],"wp:featuredmedia":[{"embeddable":true,"href":"https:\/\/bisbalpenedes.com\/web\/wp-json\/wp\/v2\/media\/28411"}],"wp:attachment":[{"href":"https:\/\/bisbalpenedes.com\/web\/wp-json\/wp\/v2\/media?parent=28407"}],"wp:term":[{"taxonomy":"category","embeddable":true,"href":"https:\/\/bisbalpenedes.com\/web\/wp-json\/wp\/v2\/categories?post=28407"},{"taxonomy":"post_tag","embeddable":true,"href":"https:\/\/bisbalpenedes.com\/web\/wp-json\/wp\/v2\/tags?post=28407"}],"curies":[{"name":"wp","href":"https:\/\/api.w.org\/{rel}","templated":true}]}}