{"id":28390,"date":"2023-12-04T11:54:56","date_gmt":"2023-12-04T09:54:56","guid":{"rendered":"https:\/\/bisbalpenedes.com\/web\/?p=28390"},"modified":"2023-12-04T11:54:56","modified_gmt":"2023-12-04T09:54:56","slug":"xerrada-sobre-els-ajuts-del-kit-digital-per-a-autonoms-i-pimes","status":"publish","type":"post","link":"https:\/\/bisbalpenedes.com\/web\/2023\/12\/04\/xerrada-sobre-els-ajuts-del-kit-digital-per-a-autonoms-i-pimes\/","title":{"rendered":"Xerrada sobre els ajuts del Kit digital per a aut\u00f2noms i Pimes"},"content":{"rendered":"\n<p>\ud83d\udce3Atenci\u00f3! La Bisbal del Pened\u00e8s acollir\u00e0 la propera Jornada Caf\u00e8 Digital de l\u2019Oficina #AceleraPymeRural del Baix Pened\u00e8s.<br>Es tracta d\u2019una sessi\u00f3 adre\u00e7ada a persones aut\u00f2nomes i PIMES del territori que vulguin emprendre el cam\u00ed de la digitalitzaci\u00f3 dels seus negocis. A la jornada tamb\u00e9 rebreu informaci\u00f3 sobre el kit digital.<br>\ud83d\uddd3Dilluns 11 de desembre<br>\ud83d\udd70De 20h a 21h<br>\ud83c\udfe1CMC: pla\u00e7a Major, 11-13<br>\u270d\ufe0fL\u2019activitat ser\u00e0 gratu\u00efta i us hi podeu inscriure aqu\u00ed: <a href=\"https:\/\/www.oaptarragona.com\/esdeveniments\/jornada-oap-cafe-digital-baix-penedes-la-bisbal-del-penedes-informacio-dels-ajuts-kit-digital\/\"><strong>https:\/\/www.oaptarragona.com\/esdeveniments\/jornada-oap-cafe-digital-baix-penedes-la-bisbal-del-penedes-informacio-dels-ajuts-kit-digital\/<\/strong><\/a><\/p>\n\n\n\n<hr class=\"wp-block-separator has-alpha-channel-opacity\"\/>\n\n\n\n<p><strong>CASTELLANO |<\/strong> \ud83d\udce3\u00a1Atenci\u00f3n! La Bisbal del Pened\u00e8s acoger\u00e1 la pr\u00f3xima Jornada Caf\u00e9 Digital de la Oficina #AceleraPymerrural del Baix Pened\u00e8s.<br>Se trata de una sesi\u00f3n dirigida a personas aut\u00f3nomas y PYMES del territorio que quieran emprender el camino de la digitalizaci\u00f3n de sus negocios. En la jornada tambi\u00e9n recibir\u00e9is informaci\u00f3n sobre el kit digital.<br>\ud83d\uddd3Lunes 11 de diciembre<br>\ud83d\udd70De 20h a 21h<br>\ud83c\udfe1CMC: plaza Major, 11-13<br>\u270d\ufe0fLa actividad ser\u00e1 gratuita y os pod\u00e9is inscribir aqu\u00ed: <strong><a href=\"https:\/\/www.oaptarragona.com\/esdeveniments\/jornada-oap-cafe-digital-baix-penedes-la-bisbal-del-penedes-informacio-dels-ajuts-kit-digital\/\">https:\/\/www.oaptarragona.com\/esdeveniments\/jornada-oap-cafe-digital-baix-penedes-la-bisbal-del-penedes-informacio-dels-ajuts-kit-digital\/<\/a><br><\/strong><\/p>\n","protected":false},"excerpt":{"rendered":"<p>\ud83d\udce3Atenci\u00f3! La Bisbal del Pened\u00e8s acollir\u00e0 la propera Jornada Caf\u00e8 Digital de l\u2019Oficina #AceleraPymeRural del Baix Pened\u00e8s.Es tracta d\u2019una sessi\u00f3 adre\u00e7ada a persones aut\u00f2nomes i PIMES del territori que vulguin &hellip; <a href=\"https:\/\/bisbalpenedes.com\/web\/2023\/12\/04\/xerrada-sobre-els-ajuts-del-kit-digital-per-a-autonoms-i-pimes\/\" class=\"more-link\">Read More<\/a><\/p>\n","protected":false},"author":4,"featured_media":28391,"comment_status":"closed","ping_status":"closed","sticky":false,"template":"","format":"standard","meta":[],"categories":[3822,8,9],"tags":[4412,459,12,6377,393],"_links":{"self":[{"href":"https:\/\/bisbalpenedes.com\/web\/wp-json\/wp\/v2\/posts\/28390"}],"collection":[{"href":"https:\/\/bisbalpenedes.com\/web\/wp-json\/wp\/v2\/posts"}],"about":[{"href":"https:\/\/bisbalpenedes.com\/web\/wp-json\/wp\/v2\/types\/post"}],"author":[{"embeddable":true,"href":"https:\/\/bisbalpenedes.com\/web\/wp-json\/wp\/v2\/users\/4"}],"replies":[{"embeddable":true,"href":"https:\/\/bisbalpenedes.com\/web\/wp-json\/wp\/v2\/comments?post=28390"}],"version-history":[{"count":1,"href":"https:\/\/bisbalpenedes.com\/web\/wp-json\/wp\/v2\/posts\/28390\/revisions"}],"predecessor-version":[{"id":28392,"href":"https:\/\/bisbalpenedes.com\/web\/wp-json\/wp\/v2\/posts\/28390\/revisions\/28392"}],"wp:featuredmedia":[{"embeddable":true,"href":"https:\/\/bisbalpenedes.com\/web\/wp-json\/wp\/v2\/media\/28391"}],"wp:attachment":[{"href":"https:\/\/bisbalpenedes.com\/web\/wp-json\/wp\/v2\/media?parent=28390"}],"wp:term":[{"taxonomy":"category","embeddable":true,"href":"https:\/\/bisbalpenedes.com\/web\/wp-json\/wp\/v2\/categories?post=28390"},{"taxonomy":"post_tag","embeddable":true,"href":"https:\/\/bisbalpenedes.com\/web\/wp-json\/wp\/v2\/tags?post=28390"}],"curies":[{"name":"wp","href":"https:\/\/api.w.org\/{rel}","templated":true}]}}