{"id":28385,"date":"2023-12-04T10:45:59","date_gmt":"2023-12-04T08:45:59","guid":{"rendered":"https:\/\/bisbalpenedes.com\/web\/?p=28385"},"modified":"2023-12-04T10:45:59","modified_gmt":"2023-12-04T08:45:59","slug":"avui-finalitza-el-curs-de-vetllador-a-escolar-monitor-a-de-menjador-i-monitor-a-de-transport-escolar-per-a-majors-de-45-anys","status":"publish","type":"post","link":"https:\/\/bisbalpenedes.com\/web\/2023\/12\/04\/avui-finalitza-el-curs-de-vetllador-a-escolar-monitor-a-de-menjador-i-monitor-a-de-transport-escolar-per-a-majors-de-45-anys\/","title":{"rendered":"Avui finalitza el curs de vetllador\/a escolar, monitor\/a de menjador i monitor\/a de transport escolar per a majors de 45 anys"},"content":{"rendered":"\n<p><br><img loading=\"lazy\" height=\"16\" width=\"16\" alt=\"\ud83d\udce3\" src=\"https:\/\/static.xx.fbcdn.net\/images\/emoji.php\/v9\/t59\/2\/16\/1f4e3.png\">19 alumnes majors de 45 anys en situaci\u00f3 d\u2019atur o inactivitat laboral s\u2019han estat formant en el marc del curs de vetllador\/a escolar, monitor\/a de menjador i monitor\/a de transport escolar durant els mesos d\u2019octubre i novembre.<\/p>\n\n\n\n<p><img loading=\"lazy\" height=\"16\" width=\"16\" alt=\"\ud83d\uddd3\" src=\"https:\/\/static.xx.fbcdn.net\/images\/emoji.php\/v9\/tfb\/2\/16\/1f5d3.png\">Avui dilluns 4 de desembre finalitza aquesta formaci\u00f3, que ha estat molt profitosa per als participants i que ha comptat amb la visita d\u2019empreses del sector educatiu, amb les que ha pogut entrar en contacte l\u2019alumnat.<\/p>\n\n\n\n<p><img loading=\"lazy\" height=\"16\" width=\"16\" alt=\"\ud83e\udd1d\" src=\"https:\/\/static.xx.fbcdn.net\/images\/emoji.php\/v9\/t3\/2\/16\/1f91d.png\">Aquesta formaci\u00f3 <a><\/a>era 100% subvencionada i ha estat possible gr\u00e0cies a la col\u00b7laboraci\u00f3 de l\u2019Ajuntament de la Bisbal del Pened\u00e8s amb la Cambra de Comer\u00e7 de Tarragona.<\/p>\n\n\n\n<p><img loading=\"lazy\" height=\"16\" width=\"16\" src=\"https:\/\/static.xx.fbcdn.net\/images\/emoji.php\/v9\/t26\/2\/16\/1f340.png\" alt=\"\ud83c\udf40\">Molta sort a tots i totes els i les participants!<\/p>\n\n\n\n<hr class=\"wp-block-separator has-alpha-channel-opacity\"\/>\n\n\n\n<p>OCUPACI\u00d3N | <img loading=\"lazy\" height=\"16\" width=\"16\" alt=\"\ud83d\udce3\" src=\"https:\/\/static.xx.fbcdn.net\/images\/emoji.php\/v9\/t59\/2\/16\/1f4e3.png\">19 alumnos mayores de 45 a\u00f1os en situaci\u00f3n de paro o inactividad laboral se han estado formando en el marco del curso de velador\/a escolar, monitor\/a de comedor y monitor\/a de transporte escolar durante los meses de octubre y noviembre.<\/p>\n\n\n\n<p><img loading=\"lazy\" height=\"16\" width=\"16\" alt=\"\ud83d\uddd3\" src=\"https:\/\/static.xx.fbcdn.net\/images\/emoji.php\/v9\/tfb\/2\/16\/1f5d3.png\">Hoy lunes 4 de diciembre finaliza esta formaci\u00f3n que ha sido muy provechosa para los participantes y que ha contado con la visita de empresas del sector educativo, con las que ha podido entrar en contacto el alumnado.<\/p>\n\n\n\n<p><img loading=\"lazy\" height=\"16\" width=\"16\" alt=\"\ud83e\udd1d\" src=\"https:\/\/static.xx.fbcdn.net\/images\/emoji.php\/v9\/t3\/2\/16\/1f91d.png\">Esta formaci\u00f3n era 100% subvencionada y ha sido posible gracias a la colaboraci\u00f3n del Ayuntamiento de la Bisbal del Pened\u00e8s con la Cambra de Comer\u00e7 de Tarragona.<\/p>\n\n\n\n<p><img loading=\"lazy\" height=\"16\" width=\"16\" alt=\"\ud83c\udf40\" src=\"https:\/\/static.xx.fbcdn.net\/images\/emoji.php\/v9\/t26\/2\/16\/1f340.png\">\u00a1Mucha surte a todos y todas los y las participantes!<\/p>\n","protected":false},"excerpt":{"rendered":"<p>19 alumnes majors de 45 anys en situaci\u00f3 d\u2019atur o inactivitat laboral s\u2019han estat formant en el marc del curs de vetllador\/a escolar, monitor\/a de menjador i monitor\/a de transport &hellip; <a href=\"https:\/\/bisbalpenedes.com\/web\/2023\/12\/04\/avui-finalitza-el-curs-de-vetllador-a-escolar-monitor-a-de-menjador-i-monitor-a-de-transport-escolar-per-a-majors-de-45-anys\/\" class=\"more-link\">Read More<\/a><\/p>\n","protected":false},"author":4,"featured_media":28386,"comment_status":"closed","ping_status":"closed","sticky":false,"template":"","format":"standard","meta":[],"categories":[8,9],"tags":[459,12,393,6374,6373,271,5499,6206],"_links":{"self":[{"href":"https:\/\/bisbalpenedes.com\/web\/wp-json\/wp\/v2\/posts\/28385"}],"collection":[{"href":"https:\/\/bisbalpenedes.com\/web\/wp-json\/wp\/v2\/posts"}],"about":[{"href":"https:\/\/bisbalpenedes.com\/web\/wp-json\/wp\/v2\/types\/post"}],"author":[{"embeddable":true,"href":"https:\/\/bisbalpenedes.com\/web\/wp-json\/wp\/v2\/users\/4"}],"replies":[{"embeddable":true,"href":"https:\/\/bisbalpenedes.com\/web\/wp-json\/wp\/v2\/comments?post=28385"}],"version-history":[{"count":1,"href":"https:\/\/bisbalpenedes.com\/web\/wp-json\/wp\/v2\/posts\/28385\/revisions"}],"predecessor-version":[{"id":28387,"href":"https:\/\/bisbalpenedes.com\/web\/wp-json\/wp\/v2\/posts\/28385\/revisions\/28387"}],"wp:featuredmedia":[{"embeddable":true,"href":"https:\/\/bisbalpenedes.com\/web\/wp-json\/wp\/v2\/media\/28386"}],"wp:attachment":[{"href":"https:\/\/bisbalpenedes.com\/web\/wp-json\/wp\/v2\/media?parent=28385"}],"wp:term":[{"taxonomy":"category","embeddable":true,"href":"https:\/\/bisbalpenedes.com\/web\/wp-json\/wp\/v2\/categories?post=28385"},{"taxonomy":"post_tag","embeddable":true,"href":"https:\/\/bisbalpenedes.com\/web\/wp-json\/wp\/v2\/tags?post=28385"}],"curies":[{"name":"wp","href":"https:\/\/api.w.org\/{rel}","templated":true}]}}