{"id":28378,"date":"2023-12-04T10:09:27","date_gmt":"2023-12-04T08:09:27","guid":{"rendered":"https:\/\/bisbalpenedes.com\/web\/?p=28378"},"modified":"2023-12-04T10:10:29","modified_gmt":"2023-12-04T08:10:29","slug":"gracies-per-la-vostra-collaboracio-en-el-gran-recapte","status":"publish","type":"post","link":"https:\/\/bisbalpenedes.com\/web\/2023\/12\/04\/gracies-per-la-vostra-collaboracio-en-el-gran-recapte\/","title":{"rendered":"Gr\u00e0cies per la vostra col\u00b7laboraci\u00f3 en el Gran Recapte!"},"content":{"rendered":"\n<p>Ja ha passat una setmana des del Gran Recapte i, des d\u2019aqu\u00ed, us volem donar les gr\u00e0cies.<\/p>\n\n\n\n<p>Volem agrair la col\u00b7laboraci\u00f3 de l\u2019alumnat de 4t d\u2019ESO de l\u2019Institut Coster de la Torre, ja que els alumnes van fer de voluntaris per recollir aliments als supermercats i botigues de queviures del municipi, una activitat que van fer en el marc dels serveis en servei de la comunitat que duen a terme des de l\u2019institut.<\/p>\n\n\n\n<p>Agra\u00efm tamb\u00e9 la col\u00b7laboraci\u00f3 dels establiments comercials bisbalencs en aquesta acci\u00f3 solid\u00e0ria que es du a terme arreu del pa\u00eds.<\/p>\n\n\n\n<p>Tamb\u00e9 volem agrair la col\u00b7laboraci\u00f3 de totes les persones que van donar aliments per al Rebost Solidari: conserves, pasta aliment\u00e0ria, arr\u00f2s, llet, sucs, caldos\u2026 Moltes gr\u00e0cies! Hem recollit una gran quantitat d\u2019aliments, tenim un poble molt solidari! <\/p>\n\n\n\n<figure class=\"wp-block-image size-large\"><img loading=\"lazy\" width=\"768\" height=\"1024\" src=\"https:\/\/bisbalpenedes.com\/web\/wp-content\/uploads\/2023\/12\/image-1-768x1024.jpeg\" alt=\"\" class=\"wp-image-28380\" srcset=\"https:\/\/bisbalpenedes.com\/web\/wp-content\/uploads\/2023\/12\/image-1-768x1024.jpeg 768w, https:\/\/bisbalpenedes.com\/web\/wp-content\/uploads\/2023\/12\/image-1-225x300.jpeg 225w, https:\/\/bisbalpenedes.com\/web\/wp-content\/uploads\/2023\/12\/image-1-1152x1536.jpeg 1152w, https:\/\/bisbalpenedes.com\/web\/wp-content\/uploads\/2023\/12\/image-1-600x800.jpeg 600w, https:\/\/bisbalpenedes.com\/web\/wp-content\/uploads\/2023\/12\/image-1.jpeg 1200w\" sizes=\"(max-width: 768px) 100vw, 768px\" \/><\/figure>\n\n\n\n<figure class=\"wp-block-image size-large\"><img loading=\"lazy\" width=\"768\" height=\"1024\" src=\"https:\/\/bisbalpenedes.com\/web\/wp-content\/uploads\/2023\/12\/image-768x1024.jpeg\" alt=\"\" class=\"wp-image-28379\" srcset=\"https:\/\/bisbalpenedes.com\/web\/wp-content\/uploads\/2023\/12\/image-768x1024.jpeg 768w, https:\/\/bisbalpenedes.com\/web\/wp-content\/uploads\/2023\/12\/image-225x300.jpeg 225w, https:\/\/bisbalpenedes.com\/web\/wp-content\/uploads\/2023\/12\/image-1152x1536.jpeg 1152w, https:\/\/bisbalpenedes.com\/web\/wp-content\/uploads\/2023\/12\/image-600x800.jpeg 600w, https:\/\/bisbalpenedes.com\/web\/wp-content\/uploads\/2023\/12\/image.jpeg 1200w\" sizes=\"(max-width: 768px) 100vw, 768px\" \/><\/figure>\n\n\n\n<hr class=\"wp-block-separator has-alpha-channel-opacity\"\/>\n\n\n\n<p><strong>CASTELLANO | <\/strong>Ya ha pasado una semana desde el Gran Recapte y, desde aqu\u00ed, os queremos dar las gracias.<\/p>\n\n\n\n<p>Queremos agradecer la colaboraci\u00f3n del alumnado de 4\u00ba de ESO del Institut Coster de la Torre, ya que los alumnos hicieron de voluntarios para recoger alimentos en los supermercados y tiendas de alimentaci\u00f3n del municipio, una actividad que realizaron en el marco de los servicios en servicio de la comunidad que llevan a cabo desde el instituto.<\/p>\n\n\n\n<p>Agradecemos tambi\u00e9n la colaboraci\u00f3n de los establecimientos comerciales bisbalencs en esta acci\u00f3n solidaria que se lleva a cabo en todo el pa\u00eds.<\/p>\n\n\n\n<p>Tambi\u00e9n queremos agradecer la colaboraci\u00f3n de todas las personas que donaron alimentos para el Rebost Solidari: conservas, pasta alimentaria, arroz, leche, zumos, caldos\u2026 \u00a1Muchas gracias! Hemos recogido una gran cantidad de alimentos, \u00a1Tenemos un pueblo muy solidario!<\/p>\n","protected":false},"excerpt":{"rendered":"<p>Ja ha passat una setmana des del Gran Recapte i, des d\u2019aqu\u00ed, us volem donar les gr\u00e0cies. Volem agrair la col\u00b7laboraci\u00f3 de l\u2019alumnat de 4t d\u2019ESO de l\u2019Institut Coster de &hellip; <a href=\"https:\/\/bisbalpenedes.com\/web\/2023\/12\/04\/gracies-per-la-vostra-collaboracio-en-el-gran-recapte\/\" class=\"more-link\">Read More<\/a><\/p>\n","protected":false},"author":4,"featured_media":28381,"comment_status":"closed","ping_status":"closed","sticky":false,"template":"","format":"standard","meta":[],"categories":[975,3851,8],"tags":[459,2642,393,1374,2644],"_links":{"self":[{"href":"https:\/\/bisbalpenedes.com\/web\/wp-json\/wp\/v2\/posts\/28378"}],"collection":[{"href":"https:\/\/bisbalpenedes.com\/web\/wp-json\/wp\/v2\/posts"}],"about":[{"href":"https:\/\/bisbalpenedes.com\/web\/wp-json\/wp\/v2\/types\/post"}],"author":[{"embeddable":true,"href":"https:\/\/bisbalpenedes.com\/web\/wp-json\/wp\/v2\/users\/4"}],"replies":[{"embeddable":true,"href":"https:\/\/bisbalpenedes.com\/web\/wp-json\/wp\/v2\/comments?post=28378"}],"version-history":[{"count":2,"href":"https:\/\/bisbalpenedes.com\/web\/wp-json\/wp\/v2\/posts\/28378\/revisions"}],"predecessor-version":[{"id":28383,"href":"https:\/\/bisbalpenedes.com\/web\/wp-json\/wp\/v2\/posts\/28378\/revisions\/28383"}],"wp:featuredmedia":[{"embeddable":true,"href":"https:\/\/bisbalpenedes.com\/web\/wp-json\/wp\/v2\/media\/28381"}],"wp:attachment":[{"href":"https:\/\/bisbalpenedes.com\/web\/wp-json\/wp\/v2\/media?parent=28378"}],"wp:term":[{"taxonomy":"category","embeddable":true,"href":"https:\/\/bisbalpenedes.com\/web\/wp-json\/wp\/v2\/categories?post=28378"},{"taxonomy":"post_tag","embeddable":true,"href":"https:\/\/bisbalpenedes.com\/web\/wp-json\/wp\/v2\/tags?post=28378"}],"curies":[{"name":"wp","href":"https:\/\/api.w.org\/{rel}","templated":true}]}}