{"id":28358,"date":"2023-12-01T16:57:51","date_gmt":"2023-12-01T14:57:51","guid":{"rendered":"https:\/\/bisbalpenedes.com\/web\/?p=28358"},"modified":"2023-12-01T17:14:43","modified_gmt":"2023-12-01T15:14:43","slug":"el-diputat-per-junts-al-congres-dels-diputats-josep-maria-cruset-ha-mostrat-el-seu-suport-a-la-proposta-les-planes-del-vent","status":"publish","type":"post","link":"https:\/\/bisbalpenedes.com\/web\/2023\/12\/01\/el-diputat-per-junts-al-congres-dels-diputats-josep-maria-cruset-ha-mostrat-el-seu-suport-a-la-proposta-les-planes-del-vent\/","title":{"rendered":"El diputat per Junts al Congr\u00e9s dels diputats Josep Maria Cruset ha mostrat el seu suport a la proposta de parc empresarial &#8216;Les Planes del Vent&#8217;"},"content":{"rendered":"\n<p><strong>Impulsem el Pened\u00e8s dona suport a la proposta Les Planes del Vent<\/strong><\/p>\n\n\n\n<p>L\u2019equip de govern de l\u2019Ajuntament de la Bisbal del Pened\u00e8s est\u00e0 conversant amb diversos partits pol\u00edtics per explicar-los i que coneguin la proposta de Les Planes del Vent. Aquest divendres 1 de desembre, l\u2019equip de govern s\u2019ha reunit amb <span style=\"text-decoration: underline;\">Josep Maria Cruset, diputat per Junts al Congr\u00e9s dels Diputats,<\/span> aix\u00ed com amb diferents representants de Junts a la comarca, i ha mostrat el seu suport, destacant <em>\u201cla feina de l\u2019Ajuntament de la Bisbal amb el projecte de Les Planes del Vent, per fer una proposta redimensionada a la baixa i buscar el necessari equilibri entre el desenvolupament econ\u00f2mic i la protecci\u00f3 de l\u2019entorn. Aquest projecte, juntament amb els que impulsa l\u2019Idiada,\u00a0 permetr\u00e0 que no nom\u00e9s La Bisbal, sin\u00f3 tot el Baix Pened\u00e8s pugui cr\u00e9ixer de forma sostenible i a la vegada garantir el benestar i prosperitat dels ve\u00efns\u201d.<\/em><\/p>\n\n\n\n<p>Des d<span style=\"text-decoration: underline;\">\u2019Impulsem el Pened\u00e8s <\/span>tamb\u00e9 es mostren favorables a aquesta proposta <em>\u201cestem satisfets que aquesta nova proposta sigui m\u00e9s dimensionada i m\u00e9s sostenible que la primera opci\u00f3. Tamb\u00e9 celebrem que en una visi\u00f3 global de Baix Pened\u00e8s, la Bisbal del Pened\u00e8s continu\u00ef liderant la ind\u00fastria a la comarca. Per altra banda passem p\u00e0gina de l\u2019especialitzaci\u00f3 log\u00edstica de la comarca amb l&#8217;antic projecte del Logis Pened\u00e8s, apostant per l&#8217;ampliaci\u00f3 d&#8217;IDIADA\u201d.<\/em><\/p>\n\n\n\n<p>L\u2019equip de govern va convocar els bisbalencs a una reuni\u00f3 explicativa a principis de novembre per explicar-los, de primera m\u00e0, la proposta de nova zona industrial amb 48 hect\u00e0rees de parc empresarial que inclouria un nou centre de formaci\u00f3 professional dual i formaci\u00f3 ocupacional.<\/p>\n\n\n\n<figure class=\"wp-block-image size-large\"><img loading=\"lazy\" width=\"1024\" height=\"768\" src=\"https:\/\/bisbalpenedes.com\/web\/wp-content\/uploads\/2023\/12\/REUNIO\u0301-JUNTS-PARC-EMPRESARIAL-2-1-1024x768.jpeg\" alt=\"\" class=\"wp-image-28366\" srcset=\"https:\/\/bisbalpenedes.com\/web\/wp-content\/uploads\/2023\/12\/REUNIO\u0301-JUNTS-PARC-EMPRESARIAL-2-1-1024x768.jpeg 1024w, https:\/\/bisbalpenedes.com\/web\/wp-content\/uploads\/2023\/12\/REUNIO\u0301-JUNTS-PARC-EMPRESARIAL-2-1-300x225.jpeg 300w, https:\/\/bisbalpenedes.com\/web\/wp-content\/uploads\/2023\/12\/REUNIO\u0301-JUNTS-PARC-EMPRESARIAL-2-1-768x576.jpeg 768w, https:\/\/bisbalpenedes.com\/web\/wp-content\/uploads\/2023\/12\/REUNIO\u0301-JUNTS-PARC-EMPRESARIAL-2-1-600x450.jpeg 600w, https:\/\/bisbalpenedes.com\/web\/wp-content\/uploads\/2023\/12\/REUNIO\u0301-JUNTS-PARC-EMPRESARIAL-2-1.jpeg 1280w\" sizes=\"(max-width: 1024px) 100vw, 1024px\" \/><\/figure>\n\n\n\n<figure class=\"wp-block-image size-large\"><img loading=\"lazy\" width=\"1024\" height=\"768\" src=\"https:\/\/bisbalpenedes.com\/web\/wp-content\/uploads\/2023\/12\/REUNIO\u0301-JUNTS-PARC-EMPRESARIAL-3-1024x768.jpeg\" alt=\"\" class=\"wp-image-28361\" srcset=\"https:\/\/bisbalpenedes.com\/web\/wp-content\/uploads\/2023\/12\/REUNIO\u0301-JUNTS-PARC-EMPRESARIAL-3-1024x768.jpeg 1024w, https:\/\/bisbalpenedes.com\/web\/wp-content\/uploads\/2023\/12\/REUNIO\u0301-JUNTS-PARC-EMPRESARIAL-3-300x225.jpeg 300w, https:\/\/bisbalpenedes.com\/web\/wp-content\/uploads\/2023\/12\/REUNIO\u0301-JUNTS-PARC-EMPRESARIAL-3-768x576.jpeg 768w, https:\/\/bisbalpenedes.com\/web\/wp-content\/uploads\/2023\/12\/REUNIO\u0301-JUNTS-PARC-EMPRESARIAL-3-600x450.jpeg 600w, https:\/\/bisbalpenedes.com\/web\/wp-content\/uploads\/2023\/12\/REUNIO\u0301-JUNTS-PARC-EMPRESARIAL-3.jpeg 1280w\" sizes=\"(max-width: 1024px) 100vw, 1024px\" \/><\/figure>\n\n\n\n<hr class=\"wp-block-separator has-alpha-channel-opacity\"\/>\n\n\n\n<p><strong>CASTELLANO |<\/strong> El equipo de gobierno del Ayuntamiento de la Bisbal del Pened\u00e8s est\u00e1 conversando con distintos partidos pol\u00edticos para explicarles y que conozcan la propuesta de Les Planes del Vent. Este viernes 1 de diciembre, el equipo de gobierno se ha reunido con <span style=\"text-decoration: underline;\">Josep Maria Cruset, diputado por Junts en el Congreso de los Diputados<\/span>, as\u00ed como con distintos representantes de Junts en la comarca, y ha mostrado su apoyo, destacando <em>\u201cel trabajo del Ayuntamiento de la Bisbal con el proyecto de Les Planes del Vent, por hacer una propuesta redimensionada a la baja y buscar el necesario equilibrio entre el desarrollo econ\u00f3mico y la protecci\u00f3n del entorno. Este proyecto, junto con los que impulsa Idiada, permitir\u00e1 que no solamente La Bisbal, sino todo el Baix Pened\u00e8s pueda crecer de forma sostenible y a la vez garantizar el bienestar y prosperidad de los vecinos\u201d.<\/em><\/p>\n\n\n\n<p>Desde <span style=\"text-decoration: underline;\">Impulsem el Pened\u00e8s<\/span> tambi\u00e9n se muestran favorables a esta propuesta <em>\u201cestamos satisfechos de que esta nueva propuesta sea m\u00e1s dimensionada y m\u00e1s sostenible que la primera opci\u00f3n. Tambi\u00e9n celebramos que en una visi\u00f3n global del Baix Pened\u00e8s, la Bisbal del Pened\u00e8s contin\u00fae liderando la industria en la comarca. Por otro lado, pasamos p\u00e1gina de la especializaci\u00f3n log\u00edstica de la comarca con el antiguo proyecto del Logis Pened\u00e8s, apostando por la ampliaci\u00f3n de IDIADA\u201d.<\/em><\/p>\n\n\n\n<p>El equipo de gobierno convoc\u00f3 a los bisbalencs a una reuni\u00f3n explicativa a principios de noviembre para explicarles, de primera mano, la propuesta de nueva zona industrial con 48 hect\u00e1reas de parque empresarial que incluir\u00eda un nuevo centro de formaci\u00f3n profesional dual y de formaci\u00f3n ocupacional.<\/p>\n","protected":false},"excerpt":{"rendered":"<p>Impulsem el Pened\u00e8s dona suport a la proposta Les Planes del Vent L\u2019equip de govern de l\u2019Ajuntament de la Bisbal del Pened\u00e8s est\u00e0 conversant amb diversos partits pol\u00edtics per explicar-los &hellip; <a href=\"https:\/\/bisbalpenedes.com\/web\/2023\/12\/01\/el-diputat-per-junts-al-congres-dels-diputats-josep-maria-cruset-ha-mostrat-el-seu-suport-a-la-proposta-les-planes-del-vent\/\" class=\"more-link\">Read More<\/a><\/p>\n","protected":false},"author":4,"featured_media":28359,"comment_status":"closed","ping_status":"closed","sticky":false,"template":"","format":"standard","meta":[],"categories":[2057,3822,2377,8],"tags":[459,326,393,6310,1374],"_links":{"self":[{"href":"https:\/\/bisbalpenedes.com\/web\/wp-json\/wp\/v2\/posts\/28358"}],"collection":[{"href":"https:\/\/bisbalpenedes.com\/web\/wp-json\/wp\/v2\/posts"}],"about":[{"href":"https:\/\/bisbalpenedes.com\/web\/wp-json\/wp\/v2\/types\/post"}],"author":[{"embeddable":true,"href":"https:\/\/bisbalpenedes.com\/web\/wp-json\/wp\/v2\/users\/4"}],"replies":[{"embeddable":true,"href":"https:\/\/bisbalpenedes.com\/web\/wp-json\/wp\/v2\/comments?post=28358"}],"version-history":[{"count":4,"href":"https:\/\/bisbalpenedes.com\/web\/wp-json\/wp\/v2\/posts\/28358\/revisions"}],"predecessor-version":[{"id":28367,"href":"https:\/\/bisbalpenedes.com\/web\/wp-json\/wp\/v2\/posts\/28358\/revisions\/28367"}],"wp:featuredmedia":[{"embeddable":true,"href":"https:\/\/bisbalpenedes.com\/web\/wp-json\/wp\/v2\/media\/28359"}],"wp:attachment":[{"href":"https:\/\/bisbalpenedes.com\/web\/wp-json\/wp\/v2\/media?parent=28358"}],"wp:term":[{"taxonomy":"category","embeddable":true,"href":"https:\/\/bisbalpenedes.com\/web\/wp-json\/wp\/v2\/categories?post=28358"},{"taxonomy":"post_tag","embeddable":true,"href":"https:\/\/bisbalpenedes.com\/web\/wp-json\/wp\/v2\/tags?post=28358"}],"curies":[{"name":"wp","href":"https:\/\/api.w.org\/{rel}","templated":true}]}}