{"id":2835,"date":"2017-07-15T23:07:11","date_gmt":"2017-07-15T17:07:11","guid":{"rendered":"http:\/\/bisbalpenedes.com\/web\/?p=2835"},"modified":"2017-07-20T02:32:08","modified_gmt":"2017-07-19T20:32:08","slug":"el-21-de-juliol-a-les-22h-gaudeix-de-lopera-il-trovatore-a-la-bisbal","status":"publish","type":"post","link":"https:\/\/bisbalpenedes.com\/web\/2017\/07\/15\/el-21-de-juliol-a-les-22h-gaudeix-de-lopera-il-trovatore-a-la-bisbal\/","title":{"rendered":"El 21 de juliol a les 22h gaudeix de l&#8217;\u00f2pera &#8216;Il Trovatore&#8217; a La Bisbal"},"content":{"rendered":"<p style=\"text-align: center;\"><a href=\"http:\/\/bisbalpenedes.com\/web\/wp-content\/uploads\/2017\/07\/cartell-liceu-fresca-16-1_CAt_bisbal.jpg\"><img loading=\"lazy\" class=\"aligncenter size-medium wp-image-2882\" title=\"cartell-liceu-fresca-16-1_CAt_bisbal\" src=\"http:\/\/bisbalpenedes.com\/web\/wp-content\/uploads\/2017\/07\/cartell-liceu-fresca-16-1_CAt_bisbal-213x300.jpg\" alt=\"\" width=\"213\" height=\"300\" srcset=\"https:\/\/bisbalpenedes.com\/web\/wp-content\/uploads\/2017\/07\/cartell-liceu-fresca-16-1_CAt_bisbal-213x300.jpg 213w, https:\/\/bisbalpenedes.com\/web\/wp-content\/uploads\/2017\/07\/cartell-liceu-fresca-16-1_CAt_bisbal-600x844.jpg 600w, https:\/\/bisbalpenedes.com\/web\/wp-content\/uploads\/2017\/07\/cartell-liceu-fresca-16-1_CAt_bisbal-728x1024.jpg 728w, https:\/\/bisbalpenedes.com\/web\/wp-content\/uploads\/2017\/07\/cartell-liceu-fresca-16-1_CAt_bisbal.jpg 859w\" sizes=\"(max-width: 213px) 100vw, 213px\" \/><\/a><\/p>\n<p style=\"text-align: justify;\">L&#8217;Ajuntament de Bisbal del Pened\u00e8s col\u00b7labora en fer arribar l\u2019\u00f2pera i la cultura a nous p\u00fablics a trav\u00e9s d\u2019un acte obert a tothom. El pr\u00f2xim<strong> 21 de juliol a les 22h podreu gaudir de l\u2019\u00f2pera \u201cIl Trovatore\u201d, <\/strong>a la fresca, en pantalla gran. Aquesta projecci\u00f3 tindr\u00e0 lloc a la Pla\u00e7a Pau Casals i l&#8217;acc\u00e9s ser\u00e0 lliure i gratu\u00eft. L\u2019\u00f2pera tindr\u00e0 una durada aproximada de 3 hores i deu minuts i durant la pausa, que tindr\u00e0 una durada de 5 minuts, s\u2019oferir\u00e0 coca i cava als assistents.<\/p>\n<p style=\"text-align: justify;\">Il Trovatore \u00e9s una \u00f2pera en quatre actes. El llibret \u00e9s de Salvadore Cammarano i Emanuele Bardare i l\u2019estrena absoluta es va fer el 19 de gener de 1853 al Teatro Apollo de Roma. Va arribar a Barcelona, per primera vegada, el 20 de maig de 1854 i es va representar al Liceu, lloc on s\u2019ha representat 275 vegades. La darrera vegada que es va representar al Liceu va ser el 30 de desembre de 2009. Aquest mes es representar\u00e0, de nou, al Gran teatre del Liceu. Ser\u00e0 entre el 17 i el 29 de juliol.<\/p>\n<p style=\"text-align: center;\"><iframe loading=\"lazy\" src=\"https:\/\/www.youtube.com\/embed\/QWd-QuoPz44\" frameborder=\"0\" width=\"560\" height=\"315\"><\/iframe><\/p>\n<p style=\"text-align: center;\">A la p\u00e0gina web del Liceu trobareu m\u00e9s informaci\u00f3 sobre Il Trovatore: <a href=\"https:\/\/www.liceubarcelona.cat\/ca\/temporada-2016-2017\/opera\/il-trovatore\">https:\/\/www.liceubarcelona.cat\/ca\/temporada-2016-2017\/opera\/il-trovatore<\/a><\/p>\n<p style=\"text-align: center;\">\n<p style=\"text-align: center;\"><a href=\"http:\/\/bisbalpenedes.com\/web\/wp-content\/uploads\/2017\/07\/regidores-liceu-2.jpg\"><img loading=\"lazy\" class=\"aligncenter size-medium wp-image-2837\" title=\"ajuntaments liceu a la fresca\" src=\"http:\/\/bisbalpenedes.com\/web\/wp-content\/uploads\/2017\/07\/regidores-liceu-2-300x203.jpg\" alt=\"\" width=\"300\" height=\"203\" srcset=\"https:\/\/bisbalpenedes.com\/web\/wp-content\/uploads\/2017\/07\/regidores-liceu-2-300x203.jpg 300w, https:\/\/bisbalpenedes.com\/web\/wp-content\/uploads\/2017\/07\/regidores-liceu-2-600x408.jpg 600w, https:\/\/bisbalpenedes.com\/web\/wp-content\/uploads\/2017\/07\/regidores-liceu-2-1024x695.jpg 1024w, https:\/\/bisbalpenedes.com\/web\/wp-content\/uploads\/2017\/07\/regidores-liceu-2.jpg 1413w\" sizes=\"(max-width: 300px) 100vw, 300px\" \/><\/a><span style=\"font-size: 0.75em;\">Imatge de la presentaci\u00f3 del projecte &#8220;Liceu a la Fresca&#8221; amb la pres\u00e8ncia de representants de diversos ajuntaments del territori<\/span><\/p>\n<p style=\"text-align: center;\"><a href=\"http:\/\/bisbalpenedes.com\/web\/wp-content\/uploads\/2017\/07\/REgidores-liceu.jpg\"><img loading=\"lazy\" class=\"aligncenter size-medium wp-image-2838\" title=\"judit agnes liceu\" src=\"http:\/\/bisbalpenedes.com\/web\/wp-content\/uploads\/2017\/07\/REgidores-liceu-300x168.jpg\" alt=\"\" width=\"300\" height=\"168\" srcset=\"https:\/\/bisbalpenedes.com\/web\/wp-content\/uploads\/2017\/07\/REgidores-liceu-300x168.jpg 300w, https:\/\/bisbalpenedes.com\/web\/wp-content\/uploads\/2017\/07\/REgidores-liceu-600x337.jpg 600w, https:\/\/bisbalpenedes.com\/web\/wp-content\/uploads\/2017\/07\/REgidores-liceu-1024x575.jpg 1024w, https:\/\/bisbalpenedes.com\/web\/wp-content\/uploads\/2017\/07\/REgidores-liceu.jpg 1599w\" sizes=\"(max-width: 300px) 100vw, 300px\" \/><\/a><span style=\"font-size: 0.75em;\">L&#8217;alcaldessa, Agn\u00e8s Ferr\u00e9, i la regidora de Cultura, Judit Vidal, van assistir a la presentaci\u00f3 del projecte &#8220;Liceu a la Fresca<\/span><\/p>\n<p style=\"text-align: center;\">\n<p>\u00a0<span style=\"text-align: justify;\">Aqu\u00ed compartim unes breus pinzellades Goyesques per a \u2018Il trovatore\u2019 de Joan Antoni Rechi que trobareu al web que us hem enlla\u00e7at:<\/span><\/p>\n<p style=\"text-align: justify; padding-left: 30px;\">&#8220;Un trobador \u00e9s precisament el protagonista d&#8217;aquesta immortal obra de Verdi: un trobador, Manrico, immers en una mena de guerra civil contra el comte de Luna i lluitant per l&#8217;amor de Leonora&#8221;.<\/p>\n<p style=\"text-align: justify; padding-left: 30px;\">&#8220;A principis d&#8217;octubre de 1808, Goya viatja a Saragossa per pintar una s\u00e8rie de pintures patri\u00f2tiques a la guerra de la independ\u00e8ncia. Per\u00f2 el que veu li horroritza tant (&#8230;) que crea aquests desastres que s\u00f3n considerats com l&#8217;antecedent dels reportatges period\u00edstics de les guerres&#8221;.<\/p>\n<p style=\"text-align: justify; padding-left: 30px;\">&#8220;\u00c9s curi\u00f3s que tot aix\u00f2 pass\u00e9s a Saragossa i els seus voltants, precisament un dels escenaris de l&#8217;argument d&#8217;<em>Il trovatore<\/em>. I com jo moltes vegades em deixo portar per la casualitat, vaig comen\u00e7ar a pensar en qu\u00e8 passaria si Goya fos precisament un espectador d&#8217;excepci\u00f3 d&#8217;aquesta hist\u00f2ria&#8221;.<\/p>\n<p style=\"text-align: justify; padding-left: 30px;\">&#8220;Una producci\u00f3 en la qual apareixen les pintures del geni aragon\u00e8s barrejant-se amb la hist\u00f2ria d&#8217;<em>Il trovatore<\/em>. Transformant l&#8217;escenari del Gran Teatre de Liceu en una immensa tela&#8221;.<\/p>\n<p align=\"right\">Joan Anton Rechi<br \/>\n(Extractes del text per al programa de m\u00e0)<\/p>\n<p>&nbsp;<\/p>\n<p>Us convidem a assistir, de forma gratu\u00efta, a la projecci\u00f3 de \u2018Il Trovatore\u2019 a la nostra vila. \u2018Liceu a la fresca\u2019 forma part del Projecte Social del Gran Teatre el Liceu. Tots Som Liceu, tamb\u00e9 La Bisbal del Pened\u00e8s!<\/p>\n<p>Si voleu comentar l\u2019\u00f2pera a trav\u00e9s de les xarxes socials, podeu fer servir l\u2019etiqueta #LiceuALaFresca<\/p>\n<p>&nbsp;<\/p>\n<p>&nbsp;<\/p>\n","protected":false},"excerpt":{"rendered":"<p>L&#8217;Ajuntament de Bisbal del Pened\u00e8s col\u00b7labora en fer arribar l\u2019\u00f2pera i la cultura a nous p\u00fablics a trav\u00e9s d\u2019un acte obert a tothom. El pr\u00f2xim 21 de juliol a les &hellip; <a href=\"https:\/\/bisbalpenedes.com\/web\/2017\/07\/15\/el-21-de-juliol-a-les-22h-gaudeix-de-lopera-il-trovatore-a-la-bisbal\/\" class=\"more-link\">Read More<\/a><\/p>\n","protected":false},"author":4,"featured_media":2882,"comment_status":"closed","ping_status":"closed","sticky":false,"template":"","format":"standard","meta":[],"categories":[13],"tags":[225,616,620,619,615,618,617],"_links":{"self":[{"href":"https:\/\/bisbalpenedes.com\/web\/wp-json\/wp\/v2\/posts\/2835"}],"collection":[{"href":"https:\/\/bisbalpenedes.com\/web\/wp-json\/wp\/v2\/posts"}],"about":[{"href":"https:\/\/bisbalpenedes.com\/web\/wp-json\/wp\/v2\/types\/post"}],"author":[{"embeddable":true,"href":"https:\/\/bisbalpenedes.com\/web\/wp-json\/wp\/v2\/users\/4"}],"replies":[{"embeddable":true,"href":"https:\/\/bisbalpenedes.com\/web\/wp-json\/wp\/v2\/comments?post=2835"}],"version-history":[{"count":10,"href":"https:\/\/bisbalpenedes.com\/web\/wp-json\/wp\/v2\/posts\/2835\/revisions"}],"predecessor-version":[{"id":2841,"href":"https:\/\/bisbalpenedes.com\/web\/wp-json\/wp\/v2\/posts\/2835\/revisions\/2841"}],"wp:featuredmedia":[{"embeddable":true,"href":"https:\/\/bisbalpenedes.com\/web\/wp-json\/wp\/v2\/media\/2882"}],"wp:attachment":[{"href":"https:\/\/bisbalpenedes.com\/web\/wp-json\/wp\/v2\/media?parent=2835"}],"wp:term":[{"taxonomy":"category","embeddable":true,"href":"https:\/\/bisbalpenedes.com\/web\/wp-json\/wp\/v2\/categories?post=2835"},{"taxonomy":"post_tag","embeddable":true,"href":"https:\/\/bisbalpenedes.com\/web\/wp-json\/wp\/v2\/tags?post=2835"}],"curies":[{"name":"wp","href":"https:\/\/api.w.org\/{rel}","templated":true}]}}