{"id":28345,"date":"2023-12-01T13:42:21","date_gmt":"2023-12-01T11:42:21","guid":{"rendered":"https:\/\/bisbalpenedes.com\/web\/?p=28345"},"modified":"2023-12-01T13:42:21","modified_gmt":"2023-12-01T11:42:21","slug":"el-cap-dels-serveis-territorials-de-cultura-al-penedes-roma-cano-ha-visitat-la-bisbal-del-penedes-aquest-dimecres","status":"publish","type":"post","link":"https:\/\/bisbalpenedes.com\/web\/2023\/12\/01\/el-cap-dels-serveis-territorials-de-cultura-al-penedes-roma-cano-ha-visitat-la-bisbal-del-penedes-aquest-dimecres\/","title":{"rendered":"<strong>El cap dels serveis territorials de Cultura al Pened\u00e8s, Rom\u00e0 Cano, ha visitat la Bisbal del Pened\u00e8s aquest dimecres<\/strong>"},"content":{"rendered":"\n<p>Aquest dimecres el cap de serveis territorials de Cultura al Pened\u00e8s, Rom\u00e0 Cano, ha visitat l\u2019Ajuntament de la Bisbal del Pened\u00e8s i els equipaments culturals municipals i ha fet un tomb pels veure murals de la vila.<\/p>\n\n\n\n<figure class=\"wp-block-image size-large\"><img loading=\"lazy\" width=\"1024\" height=\"768\" src=\"https:\/\/bisbalpenedes.com\/web\/wp-content\/uploads\/2023\/12\/IMG_2007-a-mida-gran-1024x768.jpeg\" alt=\"\" class=\"wp-image-28347\" srcset=\"https:\/\/bisbalpenedes.com\/web\/wp-content\/uploads\/2023\/12\/IMG_2007-a-mida-gran-1024x768.jpeg 1024w, https:\/\/bisbalpenedes.com\/web\/wp-content\/uploads\/2023\/12\/IMG_2007-a-mida-gran-300x225.jpeg 300w, https:\/\/bisbalpenedes.com\/web\/wp-content\/uploads\/2023\/12\/IMG_2007-a-mida-gran-768x576.jpeg 768w, https:\/\/bisbalpenedes.com\/web\/wp-content\/uploads\/2023\/12\/IMG_2007-a-mida-gran-600x450.jpeg 600w, https:\/\/bisbalpenedes.com\/web\/wp-content\/uploads\/2023\/12\/IMG_2007-a-mida-gran.jpeg 1280w\" sizes=\"(max-width: 1024px) 100vw, 1024px\" \/><\/figure>\n\n\n\n<p>La trobada ha comen\u00e7at amb una reuni\u00f3 amb l\u2019alcaldessa Agn\u00e8s Ferr\u00e9; la primera tinenta d\u2019alcaldia i regidora de Cultura, Judith Vidal; i la regidora S\u00edlvia Monfort. Durant la reuni\u00f3, s\u2019ha fet un rep\u00e0s a les activitats culturals que es duen a terme al municipi durant tot l\u2019any i s\u2019han abordat els projectes i les necessitats del municipi quant a cultura, amb un clima d\u2019entesa i receptivitat per ambdues parts. Rom\u00e0 s\u2019ha interessat per con\u00e8ixer de primera m\u00e0 les necessitats del municipi i, aix\u00ed, poder oferir col\u00b7laboraci\u00f3 i solucions des de la Generalitat. En acabar la reuni\u00f3, Rom\u00e0 ha visitat els diferents equipaments del Centre Municipal de Cultura (la biblioteca, l\u2019auditori Salb\u00e0, l\u2019escola de m\u00fasica, la sala polivalent\u2026) i ha passejat pels carrers de la vila per veure els murals.<\/p>\n\n\n\n<figure class=\"wp-block-image size-large\"><img loading=\"lazy\" width=\"1024\" height=\"768\" src=\"https:\/\/bisbalpenedes.com\/web\/wp-content\/uploads\/2023\/12\/IMG_2014-a-mida-gran-1024x768.jpeg\" alt=\"\" class=\"wp-image-28346\" srcset=\"https:\/\/bisbalpenedes.com\/web\/wp-content\/uploads\/2023\/12\/IMG_2014-a-mida-gran-1024x768.jpeg 1024w, https:\/\/bisbalpenedes.com\/web\/wp-content\/uploads\/2023\/12\/IMG_2014-a-mida-gran-300x225.jpeg 300w, https:\/\/bisbalpenedes.com\/web\/wp-content\/uploads\/2023\/12\/IMG_2014-a-mida-gran-768x576.jpeg 768w, https:\/\/bisbalpenedes.com\/web\/wp-content\/uploads\/2023\/12\/IMG_2014-a-mida-gran-600x450.jpeg 600w, https:\/\/bisbalpenedes.com\/web\/wp-content\/uploads\/2023\/12\/IMG_2014-a-mida-gran.jpeg 1280w\" sizes=\"(max-width: 1024px) 100vw, 1024px\" \/><\/figure>\n\n\n\n<hr class=\"wp-block-separator has-alpha-channel-opacity\"\/>\n\n\n\n<p><strong>CASTELLANO |\u00a0<\/strong>Este mi\u00e9rcoles el jefe de servicios territoriales de Cultura en el Pened\u00e8s, Rom\u00e0 Cano, ha visitado el Ayuntamiento de la Bisbal del Pened\u00e8s y los equipamientos culturales municipales y ha dado un paseo para ver los murales del pueblo.<\/p>\n\n\n\n<p>El encuentro ha empezado con una reuni\u00f3n con la alcaldesa Agn\u00e8s Ferr\u00e9; la primera teniente de alcald\u00eda y concejala de Cultura; Judith Vidal; y la concejala S\u00edlvia Monfort. Durante la reuni\u00f3n, se ha hecho un repaso de las actividades culturales que se llevan a cabo en el municipio durante todo el a\u00f1o y se han abordado los proyectos y las necesidades del municipio en cuanto a cultura, con un clima de buen entendimiento y receptividad por ambas partes. Rom\u00e0 se ha interesado por conocer de primera mano las necesidades del municipio y, as\u00ed, poder ofrecer colaboraci\u00f3n y soluciones desde la Generalitat. Al finalizar la reuni\u00f3n, Rom\u00e0 ha visitado los distintos equipamientos del Centre Municipal de Cultura (la biblioteca, el auditorio Salb\u00e0, la escuela de m\u00fasica, la sala polivalente\u2026) y ha paseado por las calles de la Bisbal para ver los murales.<\/p>\n","protected":false},"excerpt":{"rendered":"<p>Aquest dimecres el cap de serveis territorials de Cultura al Pened\u00e8s, Rom\u00e0 Cano, ha visitat l\u2019Ajuntament de la Bisbal del Pened\u00e8s i els equipaments culturals municipals i ha fet un &hellip; <a href=\"https:\/\/bisbalpenedes.com\/web\/2023\/12\/01\/el-cap-dels-serveis-territorials-de-cultura-al-penedes-roma-cano-ha-visitat-la-bisbal-del-penedes-aquest-dimecres\/\" class=\"more-link\">Read More<\/a><\/p>\n","protected":false},"author":4,"featured_media":28348,"comment_status":"closed","ping_status":"closed","sticky":false,"template":"","format":"standard","meta":[],"categories":[2057,13,8],"tags":[1151,6368,780,2512,393,6367,6369,603],"_links":{"self":[{"href":"https:\/\/bisbalpenedes.com\/web\/wp-json\/wp\/v2\/posts\/28345"}],"collection":[{"href":"https:\/\/bisbalpenedes.com\/web\/wp-json\/wp\/v2\/posts"}],"about":[{"href":"https:\/\/bisbalpenedes.com\/web\/wp-json\/wp\/v2\/types\/post"}],"author":[{"embeddable":true,"href":"https:\/\/bisbalpenedes.com\/web\/wp-json\/wp\/v2\/users\/4"}],"replies":[{"embeddable":true,"href":"https:\/\/bisbalpenedes.com\/web\/wp-json\/wp\/v2\/comments?post=28345"}],"version-history":[{"count":1,"href":"https:\/\/bisbalpenedes.com\/web\/wp-json\/wp\/v2\/posts\/28345\/revisions"}],"predecessor-version":[{"id":28349,"href":"https:\/\/bisbalpenedes.com\/web\/wp-json\/wp\/v2\/posts\/28345\/revisions\/28349"}],"wp:featuredmedia":[{"embeddable":true,"href":"https:\/\/bisbalpenedes.com\/web\/wp-json\/wp\/v2\/media\/28348"}],"wp:attachment":[{"href":"https:\/\/bisbalpenedes.com\/web\/wp-json\/wp\/v2\/media?parent=28345"}],"wp:term":[{"taxonomy":"category","embeddable":true,"href":"https:\/\/bisbalpenedes.com\/web\/wp-json\/wp\/v2\/categories?post=28345"},{"taxonomy":"post_tag","embeddable":true,"href":"https:\/\/bisbalpenedes.com\/web\/wp-json\/wp\/v2\/tags?post=28345"}],"curies":[{"name":"wp","href":"https:\/\/api.w.org\/{rel}","templated":true}]}}