{"id":28336,"date":"2023-12-01T13:31:04","date_gmt":"2023-12-01T11:31:04","guid":{"rendered":"https:\/\/bisbalpenedes.com\/web\/?p=28336"},"modified":"2023-12-01T13:31:04","modified_gmt":"2023-12-01T11:31:04","slug":"aquest-dijous-sha-celebrat-la-gala-del-comerc-bisbalenc-per-segon-any-consecutiu","status":"publish","type":"post","link":"https:\/\/bisbalpenedes.com\/web\/2023\/12\/01\/aquest-dijous-sha-celebrat-la-gala-del-comerc-bisbalenc-per-segon-any-consecutiu\/","title":{"rendered":"Aquest dijous s&#8217;ha celebrat la &#8216;Gala del Comer\u00e7 Bisbalenc&#8217; per segon any consecutiu"},"content":{"rendered":"\n<p>L\u2019Ajuntament de la Bisbal del Pened\u00e8s ha celebrat, per segon any consecutiu, la Gala del Comer\u00e7 Bisalenc que, novament, ha tingut molt bona acollida. Aquest dijous 30 de novembre, els comerciants bisbalencs, els representants de la Cambra de Comer\u00e7 i l\u2019equip de govern s\u2019han reunit al CMC con\u00e8ixer tots els detalls sobre la propera campanya comercial \u2018Troba la Llum del Nadal\u2019 de la Bisbal i veure el v\u00eddeo promocional de la campanya en prim\u00edcia.<\/p>\n\n\n\n<p>L\u2019alcaldessa de la Bisbal del Pened\u00e8s, Agn\u00e8s Ferr\u00e9, ha donat la benvinguda als assistents i, tot seguit, el cap de projectes i competitivitat de la Cambra de Tarragona, Jordi C\u00e1ceres, i la regidora de Comer\u00e7; Judith Vidal, han explicat tots els detalls -i han resolt dubtes- sobre el funcionament de la propera campanya comercial nadalenca, que tindr\u00e0 lloc del 9 al 17 de desembre.<\/p>\n\n\n\n<p>En acabar, els assistents han gaudit d\u2019un sopar a peu dret confeccionat per la pastisseria MaGo, acompanyats tamb\u00e9 dels protagonistes del v\u00eddeo promocional que, enguany, s\u00f3n clients dels comer\u00e7os bisbalencs. L\u2019any passat el sopar va anar a c\u00e0rrec del Bar la Riba i, la intenci\u00f3 de la regidoria de Comer\u00e7 \u00e9s que cada any sigui un establiment de restauraci\u00f3 diferent el que confeccioni el c\u00e0tering del sopar.<\/p>\n\n\n\n<p>Els comer\u00e7os i establiments de serveis de la Bisbal del Pened\u00e8s ja fa uns quants anys que s\u2019estan formant en eines de m\u00e0rqueting digital i que, juntament amb la Regidoria de Comer\u00e7 i la Cambra de Comer\u00e7 de Tarragona, participen en iniciatives que tenen la finalitat promoure el comer\u00e7 i els productors de proximitat. Enguany, la formaci\u00f3 s\u2019ha centrat en l\u2019eina d\u2019intel\u00b7lig\u00e8ncia artificial Chat GPT.<\/p>\n\n\n\n<p>La regidora de Comer\u00e7, Judith Vidal, s\u2019ha mostrat molt satisfeta de \u201cl\u2019\u00e8xit de participaci\u00f3 en l\u2019acte i de la col\u00b7laboraci\u00f3 dels comer\u00e7os i establiments bisbalencs i de la bona disposici\u00f3 que han mostrat tamb\u00e9 els comer\u00e7os bisbalencs que han obert les portes fa poc\u201d. A m\u00e9s, ha destacat que \u201ca iniciativa i petici\u00f3 dels comer\u00e7os, enguany les botigues que participen en la campanya lluiran arbres de Nadal als seus accessos, una proposta que em sembla tot un encert i, per aquest motiu, l\u2019Ajuntament \u00e9s qui costejar\u00e0 aquesta compra\u201d.<\/p>\n\n\n\n<p>Aquest dissabte s\u2019encendran els llums de Nadal i, posteriorment, es publicar\u00e0 el v\u00eddeo promocional de la campanya comercial i us donarem tots els detalls sobre el funcionament de la campanya d\u2019enguany que, com sempre, us portar\u00e0 moltes sorpreses i omplir\u00e0 de llum els comer\u00e7os bisbalencs i les vostres cases. Recordeu: comprar a la Bisbal del 9 al 17 de desembre, t\u00e9 premi!<\/p>\n\n\n\n<figure class=\"wp-container-2 wp-block-gallery-1 wp-block-gallery has-nested-images columns-default is-cropped\">\n<figure class=\"wp-block-image size-large\"><img loading=\"lazy\" width=\"1024\" height=\"1024\" data-id=\"28338\"  src=\"https:\/\/bisbalpenedes.com\/web\/wp-content\/uploads\/2023\/12\/IMG_2238-1024x1024.jpg\" alt=\"\" class=\"wp-image-28338\" srcset=\"https:\/\/bisbalpenedes.com\/web\/wp-content\/uploads\/2023\/12\/IMG_2238-1024x1024.jpg 1024w, https:\/\/bisbalpenedes.com\/web\/wp-content\/uploads\/2023\/12\/IMG_2238-300x300.jpg 300w, https:\/\/bisbalpenedes.com\/web\/wp-content\/uploads\/2023\/12\/IMG_2238-150x150.jpg 150w, https:\/\/bisbalpenedes.com\/web\/wp-content\/uploads\/2023\/12\/IMG_2238-768x768.jpg 768w, https:\/\/bisbalpenedes.com\/web\/wp-content\/uploads\/2023\/12\/IMG_2238-1536x1536.jpg 1536w, https:\/\/bisbalpenedes.com\/web\/wp-content\/uploads\/2023\/12\/IMG_2238-2048x2048.jpg 2048w, https:\/\/bisbalpenedes.com\/web\/wp-content\/uploads\/2023\/12\/IMG_2238-600x600.jpg 600w, https:\/\/bisbalpenedes.com\/web\/wp-content\/uploads\/2023\/12\/IMG_2238-100x100.jpg 100w\" sizes=\"(max-width: 1024px) 100vw, 1024px\" \/><\/figure>\n\n\n\n<figure class=\"wp-block-image size-large\"><img loading=\"lazy\" width=\"1024\" height=\"1024\" data-id=\"28339\"  src=\"https:\/\/bisbalpenedes.com\/web\/wp-content\/uploads\/2023\/12\/IMG_2239-1024x1024.jpg\" alt=\"\" class=\"wp-image-28339\" srcset=\"https:\/\/bisbalpenedes.com\/web\/wp-content\/uploads\/2023\/12\/IMG_2239-1024x1024.jpg 1024w, https:\/\/bisbalpenedes.com\/web\/wp-content\/uploads\/2023\/12\/IMG_2239-300x300.jpg 300w, https:\/\/bisbalpenedes.com\/web\/wp-content\/uploads\/2023\/12\/IMG_2239-150x150.jpg 150w, https:\/\/bisbalpenedes.com\/web\/wp-content\/uploads\/2023\/12\/IMG_2239-768x768.jpg 768w, https:\/\/bisbalpenedes.com\/web\/wp-content\/uploads\/2023\/12\/IMG_2239-1536x1536.jpg 1536w, https:\/\/bisbalpenedes.com\/web\/wp-content\/uploads\/2023\/12\/IMG_2239-2048x2048.jpg 2048w, https:\/\/bisbalpenedes.com\/web\/wp-content\/uploads\/2023\/12\/IMG_2239-600x600.jpg 600w, https:\/\/bisbalpenedes.com\/web\/wp-content\/uploads\/2023\/12\/IMG_2239-100x100.jpg 100w\" sizes=\"(max-width: 1024px) 100vw, 1024px\" \/><\/figure>\n\n\n\n<figure class=\"wp-block-image size-large\"><img loading=\"lazy\" width=\"1024\" height=\"1024\" data-id=\"28340\"  src=\"https:\/\/bisbalpenedes.com\/web\/wp-content\/uploads\/2023\/12\/IMG_2240-1024x1024.jpg\" alt=\"\" class=\"wp-image-28340\" srcset=\"https:\/\/bisbalpenedes.com\/web\/wp-content\/uploads\/2023\/12\/IMG_2240-1024x1024.jpg 1024w, https:\/\/bisbalpenedes.com\/web\/wp-content\/uploads\/2023\/12\/IMG_2240-300x300.jpg 300w, https:\/\/bisbalpenedes.com\/web\/wp-content\/uploads\/2023\/12\/IMG_2240-150x150.jpg 150w, https:\/\/bisbalpenedes.com\/web\/wp-content\/uploads\/2023\/12\/IMG_2240-768x768.jpg 768w, https:\/\/bisbalpenedes.com\/web\/wp-content\/uploads\/2023\/12\/IMG_2240-1536x1536.jpg 1536w, https:\/\/bisbalpenedes.com\/web\/wp-content\/uploads\/2023\/12\/IMG_2240-2048x2048.jpg 2048w, https:\/\/bisbalpenedes.com\/web\/wp-content\/uploads\/2023\/12\/IMG_2240-600x600.jpg 600w, https:\/\/bisbalpenedes.com\/web\/wp-content\/uploads\/2023\/12\/IMG_2240-100x100.jpg 100w\" sizes=\"(max-width: 1024px) 100vw, 1024px\" \/><\/figure>\n<\/figure>\n\n\n\n<hr class=\"wp-block-separator has-alpha-channel-opacity\"\/>\n\n\n\n<p><strong>CASTELLANO  |<\/strong> El Ayuntamiento de la Bisbal del Pened\u00e8s ha celebrado, por segundo a\u00f1o consecutivo, la Gala del Comer\u00e7 Bisbalenc que, de nuevo, ha tenido muy buena acogida. Este jueves 30 de noviembre, los comerciantes de la bisbal, los representantes de la Cambra de Comer\u00e7 y el equipo de gobierno se han reunido en el CMC para conocer todos los detalles sobre la pr\u00f3xima campa\u00f1a comercial \u2018Troba la Llum del Nadal\u2019 de la Bisbal y ver el v\u00eddeo promocional de la campa\u00f1a en primicia.<\/p>\n\n\n\n<p>La alcaldesa de la Bisbal del Pened\u00e8s, Agn\u00e8s Ferr\u00e9, les ha dado la bienvenida a los asistentes y, a continuaci\u00f3n, el jefe de proyectos y competitividad de la Cambra de Tarragona, Jordi C\u00e1ceres, y la concejala de Comercio, Judith Vidal, han explicado todos los detalles -y han resuelto dudas- sobre el funcionamiento de la pr\u00f3xima campa\u00f1a comercial navide\u00f1a, que tendr\u00e1 lugar del 9 al 17 de diciembre.<\/p>\n\n\n\n<p>Al finalizar, los asistentes han disfrutado de una cena confeccionada por la pasteler\u00eda MaGo, acompa\u00f1ados tambi\u00e9n por los protagonistas del v\u00eddeo promocional que, este a\u00f1o, son clientes de los comercios bisbalencs. El a\u00f1o pasado la cena fue a cargo del Bar la Riba y, la intenci\u00f3n de la Concejal\u00eda de Comercio es que cada a\u00f1o sea un establecimiento de restauraci\u00f3n distinto el que confeccione el c\u00e1tering de la cena.<\/p>\n\n\n\n<p>Los comercios y establecimientos de servicios de la Bisbal del Pened\u00e8s ya hace unos cuantos a\u00f1os que se est\u00e1n formando en herramientas de marketing digital y que, junto con la Concejal\u00eda de Comercio y la Cambra de Comer\u00e7 de Tarragona, participan en iniciativas que tienen la finalidad de promover el comercio y los productores de proximidad. Este a\u00f1o, la formaci\u00f3n se ha centrado en la herramienta de inteligencia artificial Chat GPT.<\/p>\n\n\n\n<p>La concejala de Comercio, Judith Vidal, se ha mostrado muy satisfecha del \u201c\u00e9xito de participaci\u00f3n en la colaboraci\u00f3n de los comercios y establecimientos bisbalencs y de la buena disposici\u00f3n que han mostrado tambi\u00e9n los comercios bisbalencs que han abierto sus puertas hace poco\u201d. Adem\u00e1s, ha destacado que \u201ca iniciativa y petici\u00f3n de los comercios, este a\u00f1o las tiendas que participan en la campa\u00f1a lucir\u00e1n \u00e1rboles de Navidad en sus accesos, una propuesta que me parece todo un acierto y, por este motivo, el Ayuntamiento ser\u00e1 quien costear\u00e1 esta compra\u201d.<\/p>\n\n\n\n<p>Este s\u00e1bado se encender\u00e1n las luces de Navidad y, posteriormente, se publicar\u00e1 el v\u00eddeo promocional de la campa\u00f1a comercial y os daremos todos los detalles sobre el funcionamiento de la campa\u00f1a de este a\u00f1o que, como siempre, os traer\u00e1 muchas sorpresas y llenar\u00e1 de luz los comercios bisbalencs y vuestras casas. Recordad: comprar en la Bisbal del 9 al 17 de diciembre \u00a1tiene premio!<\/p>\n\n\n\n<p><\/p>\n","protected":false},"excerpt":{"rendered":"<p>L\u2019Ajuntament de la Bisbal del Pened\u00e8s ha celebrat, per segon any consecutiu, la Gala del Comer\u00e7 Bisalenc que, novament, ha tingut molt bona acollida. Aquest dijous 30 de novembre, els &hellip; <a href=\"https:\/\/bisbalpenedes.com\/web\/2023\/12\/01\/aquest-dijous-sha-celebrat-la-gala-del-comerc-bisbalenc-per-segon-any-consecutiu\/\" class=\"more-link\">Read More<\/a><\/p>\n","protected":false},"author":4,"featured_media":28337,"comment_status":"closed","ping_status":"closed","sticky":false,"template":"","format":"standard","meta":[],"categories":[3860,8],"tags":[459,4246,6366,4204,393,1374],"_links":{"self":[{"href":"https:\/\/bisbalpenedes.com\/web\/wp-json\/wp\/v2\/posts\/28336"}],"collection":[{"href":"https:\/\/bisbalpenedes.com\/web\/wp-json\/wp\/v2\/posts"}],"about":[{"href":"https:\/\/bisbalpenedes.com\/web\/wp-json\/wp\/v2\/types\/post"}],"author":[{"embeddable":true,"href":"https:\/\/bisbalpenedes.com\/web\/wp-json\/wp\/v2\/users\/4"}],"replies":[{"embeddable":true,"href":"https:\/\/bisbalpenedes.com\/web\/wp-json\/wp\/v2\/comments?post=28336"}],"version-history":[{"count":1,"href":"https:\/\/bisbalpenedes.com\/web\/wp-json\/wp\/v2\/posts\/28336\/revisions"}],"predecessor-version":[{"id":28341,"href":"https:\/\/bisbalpenedes.com\/web\/wp-json\/wp\/v2\/posts\/28336\/revisions\/28341"}],"wp:featuredmedia":[{"embeddable":true,"href":"https:\/\/bisbalpenedes.com\/web\/wp-json\/wp\/v2\/media\/28337"}],"wp:attachment":[{"href":"https:\/\/bisbalpenedes.com\/web\/wp-json\/wp\/v2\/media?parent=28336"}],"wp:term":[{"taxonomy":"category","embeddable":true,"href":"https:\/\/bisbalpenedes.com\/web\/wp-json\/wp\/v2\/categories?post=28336"},{"taxonomy":"post_tag","embeddable":true,"href":"https:\/\/bisbalpenedes.com\/web\/wp-json\/wp\/v2\/tags?post=28336"}],"curies":[{"name":"wp","href":"https:\/\/api.w.org\/{rel}","templated":true}]}}