{"id":28308,"date":"2023-11-27T19:26:55","date_gmt":"2023-11-27T17:26:55","guid":{"rendered":"https:\/\/bisbalpenedes.com\/web\/?p=28308"},"modified":"2023-11-27T19:26:55","modified_gmt":"2023-11-27T17:26:55","slug":"el-2024-la-llar-dinfants-municipal-tindra-linia-di0-per-a-infants-menors-dun-any-dedat","status":"publish","type":"post","link":"https:\/\/bisbalpenedes.com\/web\/2023\/11\/27\/el-2024-la-llar-dinfants-municipal-tindra-linia-di0-per-a-infants-menors-dun-any-dedat\/","title":{"rendered":"El 2024 la Llar d&#8217;infants municipal tindr\u00e0 l\u00ednia d&#8217;I0 per a infants menors d&#8217;un any d&#8217;edat"},"content":{"rendered":"\n<p>Al 2024 posarem en marxa l&#8217;aula i0 de la Llar d&#8217;infants municipal l&#8217;Oreneta per a infants menors d&#8217;un any d&#8217;edat.<\/p>\n\n\n\n<p><img loading=\"lazy\" height=\"16\" width=\"16\" alt=\"\u2705\" src=\"https:\/\/static.xx.fbcdn.net\/images\/emoji.php\/v9\/tb4\/2\/16\/2705.png\">Amb aquesta nova l\u00ednia, l&#8217;equip de govern compleix una de les propostes a les quals es va comprometre amb la ciutadania en l&#8217;actual Pla de mandat.<\/p>\n\n\n\n<hr class=\"wp-block-separator has-alpha-channel-opacity\"\/>\n\n\n\n<p>En el 2024 pondremos en marcha el aula i0 de la Llar d&#8217;infants municipal l&#8217;Oreneta para ni\u00f1os menores de un a\u00f1o de edad.<\/p>\n\n\n\n<p><img loading=\"lazy\" height=\"16\" width=\"16\" alt=\"\u2705\" src=\"https:\/\/static.xx.fbcdn.net\/images\/emoji.php\/v9\/tb4\/2\/16\/2705.png\">Con esta nueva l\u00ednea, el equipo de gobierno cumple una de las propuestas a las que se comprometi\u00f3 con la ciudadan\u00eda en el actual Plan de mandato.<\/p>\n","protected":false},"excerpt":{"rendered":"<p>Al 2024 posarem en marxa l&#8217;aula i0 de la Llar d&#8217;infants municipal l&#8217;Oreneta per a infants menors d&#8217;un any d&#8217;edat. Amb aquesta nova l\u00ednia, l&#8217;equip de govern compleix una de &hellip; <a href=\"https:\/\/bisbalpenedes.com\/web\/2023\/11\/27\/el-2024-la-llar-dinfants-municipal-tindra-linia-di0-per-a-infants-menors-dun-any-dedat\/\" class=\"more-link\">Read More<\/a><\/p>\n","protected":false},"author":4,"featured_media":28309,"comment_status":"closed","ping_status":"closed","sticky":false,"template":"","format":"standard","meta":[],"categories":[3456,8],"tags":[],"_links":{"self":[{"href":"https:\/\/bisbalpenedes.com\/web\/wp-json\/wp\/v2\/posts\/28308"}],"collection":[{"href":"https:\/\/bisbalpenedes.com\/web\/wp-json\/wp\/v2\/posts"}],"about":[{"href":"https:\/\/bisbalpenedes.com\/web\/wp-json\/wp\/v2\/types\/post"}],"author":[{"embeddable":true,"href":"https:\/\/bisbalpenedes.com\/web\/wp-json\/wp\/v2\/users\/4"}],"replies":[{"embeddable":true,"href":"https:\/\/bisbalpenedes.com\/web\/wp-json\/wp\/v2\/comments?post=28308"}],"version-history":[{"count":1,"href":"https:\/\/bisbalpenedes.com\/web\/wp-json\/wp\/v2\/posts\/28308\/revisions"}],"predecessor-version":[{"id":28310,"href":"https:\/\/bisbalpenedes.com\/web\/wp-json\/wp\/v2\/posts\/28308\/revisions\/28310"}],"wp:featuredmedia":[{"embeddable":true,"href":"https:\/\/bisbalpenedes.com\/web\/wp-json\/wp\/v2\/media\/28309"}],"wp:attachment":[{"href":"https:\/\/bisbalpenedes.com\/web\/wp-json\/wp\/v2\/media?parent=28308"}],"wp:term":[{"taxonomy":"category","embeddable":true,"href":"https:\/\/bisbalpenedes.com\/web\/wp-json\/wp\/v2\/categories?post=28308"},{"taxonomy":"post_tag","embeddable":true,"href":"https:\/\/bisbalpenedes.com\/web\/wp-json\/wp\/v2\/tags?post=28308"}],"curies":[{"name":"wp","href":"https:\/\/api.w.org\/{rel}","templated":true}]}}