{"id":28295,"date":"2023-11-24T23:00:00","date_gmt":"2023-11-24T21:00:00","guid":{"rendered":"https:\/\/bisbalpenedes.com\/web\/?p=28295"},"modified":"2023-11-27T10:13:58","modified_gmt":"2023-11-27T08:13:58","slug":"sha-convocat-una-junta-de-govern-amb-un-punt-amb-competencia-delegada-del-ple-per-al-proper-dilluns-27-de-novembre","status":"publish","type":"post","link":"https:\/\/bisbalpenedes.com\/web\/2023\/11\/24\/sha-convocat-una-junta-de-govern-amb-un-punt-amb-competencia-delegada-del-ple-per-al-proper-dilluns-27-de-novembre\/","title":{"rendered":"S\u2019ha convocat una Junta de govern amb un punt amb compet\u00e8ncia delegada del Ple per al proper dilluns 27 de novembre"},"content":{"rendered":"\n<p>Aquest divendres s\u2019ha convocat la Junta de Govern per al dilluns 27 de novembre. Un dels punts de l\u2019ordre del dia \u00e9s compet\u00e8ncia del Ple delegada a la Junta de Govern, segons acord plenari del 6 de juliol de 2023. \u00c9s el seg\u00fcent:<\/p>\n\n\n\n<ul><li>Aprovaci\u00f3 del pla de seguretat i salut de la modificaci\u00f3 del projecte de rehabilitaci\u00f3 de la torre de la fassina<\/li><\/ul>\n\n\n\n<p>Les sessions de la Junta de Govern Local no s\u00f3n p\u00fabliques, per\u00f2 quan actua en compet\u00e8ncies delegades del Ple, la sessi\u00f3 se sotmet als mateixos requisits de publicitat que les sessions del Ple, que s\u00f3n p\u00fabliques. Aix\u00ed ho va declarar la STS 161\/2013, de 26 de setembre.<\/p>\n\n\n\n<p>A les 10:15h s\u2019obriran les portes per tal que pugui assistir-hi p\u00fablic. Tamb\u00e9 es gravar\u00e0 aquest punt de l\u2019ordre del dia i, posteriorment, es publicar\u00e0 per garantir la seva publicitat.<\/p>\n\n\n\n<hr class=\"wp-block-separator has-alpha-channel-opacity\"\/>\n\n\n\n<p>CASTELLANO |&nbsp;Este viernes se ha convocado la Junta de Gobierno para el lunes 27 de noviembre. Uno de los puntos del orden del d\u00eda es competencia del Pleno delegada a la Junta de Gobierno, seg\u00fan acuerdo plenario del 6 de julio de 2023. Es el siguiente:<\/p>\n\n\n\n<ul><li>Aprobaci\u00f3n del plan de seguridad y salud de la modificaci\u00f3n del proyecto de rehabilitaci\u00f3n de la torre de la \u2018fassina\u2019.<\/li><\/ul>\n\n\n\n<p>Las sesiones de la Junta de Gobierno Local no son p\u00fablicas, pero cuando act\u00faa en competencias delegadas del Pleno, la sesi\u00f3n se somete a los mismos requisitos de publicidad que las sesiones del Pleno, que son p\u00fablicas. As\u00ed lo declar\u00f3 la STS 161\/2013, de 26 de septiembre.<\/p>\n\n\n\n<p>A las 10.15h se abrir\u00e1n las puertas con tal que pueda asistir p\u00fablico. Tambi\u00e9n se grabar\u00e1 este punto del orden del d\u00eda y, posteriormente, se publicar\u00e1 para garantizar su publicidad.<\/p>\n","protected":false},"excerpt":{"rendered":"<p>Aquest divendres s\u2019ha convocat la Junta de Govern per al dilluns 27 de novembre. Un dels punts de l\u2019ordre del dia \u00e9s compet\u00e8ncia del Ple delegada a la Junta de &hellip; <a href=\"https:\/\/bisbalpenedes.com\/web\/2023\/11\/24\/sha-convocat-una-junta-de-govern-amb-un-punt-amb-competencia-delegada-del-ple-per-al-proper-dilluns-27-de-novembre\/\" class=\"more-link\">Read More<\/a><\/p>\n","protected":false},"author":4,"featured_media":27370,"comment_status":"closed","ping_status":"closed","sticky":false,"template":"","format":"standard","meta":[],"categories":[3085,8,2250],"tags":[686,5596,139],"_links":{"self":[{"href":"https:\/\/bisbalpenedes.com\/web\/wp-json\/wp\/v2\/posts\/28295"}],"collection":[{"href":"https:\/\/bisbalpenedes.com\/web\/wp-json\/wp\/v2\/posts"}],"about":[{"href":"https:\/\/bisbalpenedes.com\/web\/wp-json\/wp\/v2\/types\/post"}],"author":[{"embeddable":true,"href":"https:\/\/bisbalpenedes.com\/web\/wp-json\/wp\/v2\/users\/4"}],"replies":[{"embeddable":true,"href":"https:\/\/bisbalpenedes.com\/web\/wp-json\/wp\/v2\/comments?post=28295"}],"version-history":[{"count":1,"href":"https:\/\/bisbalpenedes.com\/web\/wp-json\/wp\/v2\/posts\/28295\/revisions"}],"predecessor-version":[{"id":28296,"href":"https:\/\/bisbalpenedes.com\/web\/wp-json\/wp\/v2\/posts\/28295\/revisions\/28296"}],"wp:featuredmedia":[{"embeddable":true,"href":"https:\/\/bisbalpenedes.com\/web\/wp-json\/wp\/v2\/media\/27370"}],"wp:attachment":[{"href":"https:\/\/bisbalpenedes.com\/web\/wp-json\/wp\/v2\/media?parent=28295"}],"wp:term":[{"taxonomy":"category","embeddable":true,"href":"https:\/\/bisbalpenedes.com\/web\/wp-json\/wp\/v2\/categories?post=28295"},{"taxonomy":"post_tag","embeddable":true,"href":"https:\/\/bisbalpenedes.com\/web\/wp-json\/wp\/v2\/tags?post=28295"}],"curies":[{"name":"wp","href":"https:\/\/api.w.org\/{rel}","templated":true}]}}