{"id":28291,"date":"2023-11-24T22:05:00","date_gmt":"2023-11-24T20:05:00","guid":{"rendered":"https:\/\/bisbalpenedes.com\/web\/?p=28291"},"modified":"2023-11-24T22:05:00","modified_gmt":"2023-11-24T20:05:00","slug":"aquest-dissabte-25-de-novembre-la-casa-de-la-vila-silluminara-de-color-morat-amb-motiu-del-25n","status":"publish","type":"post","link":"https:\/\/bisbalpenedes.com\/web\/2023\/11\/24\/aquest-dissabte-25-de-novembre-la-casa-de-la-vila-silluminara-de-color-morat-amb-motiu-del-25n\/","title":{"rendered":"Aquest dissabte 25 de novembre la Casa de la Vila s&#8217;il\u00b7luminar\u00e0 de color morat amb motiu del 25N"},"content":{"rendered":"\n<p>Aquest dissabte 25 de novembre, al vespre, l&#8217;Ajuntament de la Bisbal del Pened\u00e8s s&#8217;il\u00b7luminar\u00e0 de color morat amb motiu del Dia internacional per a l\u2019eliminaci\u00f3 de la viol\u00e8ncia envers les dones.<\/p>\n\n\n\n<p>\ud83d\udfe3Un any m\u00e9s, l&#8217;Ajuntament s&#8217;ha adherit a la declaraci\u00f3 institucional amb motiu del Dia internacional per a l&#8217;eliminaci\u00f3 de la viol\u00e8ncia envers les dones: <a href=\"https:\/\/www.acm.cat\/juridic\/declaracio-institucional-dia-internacional-eliminacio-violencia-dones-2023\" target=\"_blank\" rel=\"noreferrer noopener\"><strong>https:\/\/www.acm.cat\/juridic\/declaracio-institucional-dia-internacional-eliminacio-violencia-dones-2023<\/strong><\/a><\/p>\n\n\n\n<hr class=\"wp-block-separator has-alpha-channel-opacity\"\/>\n\n\n\n<p>Este s\u00e1bado 25 de noviembre, al anochecer, el Ayuntamiento de la Bisbal del Pened\u00e8s se iluminar\u00e1 de color morado con motivo del D\u00eda Internacional para la eliminaci\u00f3n de la violencia hacia las mujeres.<\/p>\n\n\n\n<p>\ud83d\udfe3Un a\u00f1o m\u00e1s, el Ajuntament se ha adherido a la declaraci\u00f3n institucional con motivo del D\u00eda internacional para la eliminaci\u00f3n de la violencia hacia las mujeres: <a href=\"https:\/\/www.acm.cat\/juridic\/declaracio-institucional-dia-internacional-eliminacio-violencia-dones-20\" target=\"_blank\" rel=\"noreferrer noopener\"><\/a><strong><a href=\"https:\/\/www.acm.cat\/juridic\/declaracio-institucional-dia-internacional-eliminacio-violencia-dones-2023\" target=\"_blank\" rel=\"noreferrer noopener\">https:\/\/www.acm.cat\/juridic\/declaracio-institucional-dia-internacional-eliminacio-violencia-dones-20<\/a><\/strong><a href=\"https:\/\/www.acm.cat\/juridic\/declaracio-institucional-dia-internacional-eliminacio-violencia-dones-2023\" target=\"_blank\" rel=\"noreferrer noopener\">23<\/a><\/p>\n","protected":false},"excerpt":{"rendered":"<p>Aquest dissabte 25 de novembre, al vespre, l&#8217;Ajuntament de la Bisbal del Pened\u00e8s s&#8217;il\u00b7luminar\u00e0 de color morat amb motiu del Dia internacional per a l\u2019eliminaci\u00f3 de la viol\u00e8ncia envers les &hellip; <a href=\"https:\/\/bisbalpenedes.com\/web\/2023\/11\/24\/aquest-dissabte-25-de-novembre-la-casa-de-la-vila-silluminara-de-color-morat-amb-motiu-del-25n\/\" class=\"more-link\">Read More<\/a><\/p>\n","protected":false},"author":4,"featured_media":28292,"comment_status":"closed","ping_status":"closed","sticky":false,"template":"","format":"standard","meta":[],"categories":[2402,8],"tags":[4224,459,5548,393,1374],"_links":{"self":[{"href":"https:\/\/bisbalpenedes.com\/web\/wp-json\/wp\/v2\/posts\/28291"}],"collection":[{"href":"https:\/\/bisbalpenedes.com\/web\/wp-json\/wp\/v2\/posts"}],"about":[{"href":"https:\/\/bisbalpenedes.com\/web\/wp-json\/wp\/v2\/types\/post"}],"author":[{"embeddable":true,"href":"https:\/\/bisbalpenedes.com\/web\/wp-json\/wp\/v2\/users\/4"}],"replies":[{"embeddable":true,"href":"https:\/\/bisbalpenedes.com\/web\/wp-json\/wp\/v2\/comments?post=28291"}],"version-history":[{"count":1,"href":"https:\/\/bisbalpenedes.com\/web\/wp-json\/wp\/v2\/posts\/28291\/revisions"}],"predecessor-version":[{"id":28293,"href":"https:\/\/bisbalpenedes.com\/web\/wp-json\/wp\/v2\/posts\/28291\/revisions\/28293"}],"wp:featuredmedia":[{"embeddable":true,"href":"https:\/\/bisbalpenedes.com\/web\/wp-json\/wp\/v2\/media\/28292"}],"wp:attachment":[{"href":"https:\/\/bisbalpenedes.com\/web\/wp-json\/wp\/v2\/media?parent=28291"}],"wp:term":[{"taxonomy":"category","embeddable":true,"href":"https:\/\/bisbalpenedes.com\/web\/wp-json\/wp\/v2\/categories?post=28291"},{"taxonomy":"post_tag","embeddable":true,"href":"https:\/\/bisbalpenedes.com\/web\/wp-json\/wp\/v2\/tags?post=28291"}],"curies":[{"name":"wp","href":"https:\/\/api.w.org\/{rel}","templated":true}]}}