{"id":28288,"date":"2023-11-24T21:37:18","date_gmt":"2023-11-24T19:37:18","guid":{"rendered":"https:\/\/bisbalpenedes.com\/web\/?p=28288"},"modified":"2023-11-24T21:37:18","modified_gmt":"2023-11-24T19:37:18","slug":"les-regidories-de-feminismes-igualtat-i-la-gent-gran-i-lassociacio-de-la-gent-gran-assisteixen-a-un-acte-amb-motiu-del-25-n-centrat-en-la-gent-gran","status":"publish","type":"post","link":"https:\/\/bisbalpenedes.com\/web\/2023\/11\/24\/les-regidories-de-feminismes-igualtat-i-la-gent-gran-i-lassociacio-de-la-gent-gran-assisteixen-a-un-acte-amb-motiu-del-25-n-centrat-en-la-gent-gran\/","title":{"rendered":"Les regidories de Feminismes, Igualtat i la Gent Gran i l&#8217;Associaci\u00f3 de la Gent Gran assisteixen a un acte amb motiu del 25-N centrat en la gent gran"},"content":{"rendered":"\n<p>La regidora de Feminismes i Igualtat i de la Gent Gran, Paqui Cepas; i la presidenta de l\u2019Associaci\u00f3 de la Gent Gran de la Bisbal, Teresa Vilella; han assistit aquest dijous a la sessi\u00f3 formativa sobre viol\u00e8ncia envers les dones grans que L\u2019Arc Serveis ha ofert a les juntes de casals i associacions de jubilats del Pened\u00e8s i el Camp de Tarragona, amb motiu del 25-N: el Dia internacional per l\u2019eliminaci\u00f3 de la viol\u00e8ncia envers les dones.\u00a0<\/p>\n\n\n\n<p>La jornada s\u2019emmarcava en la campanya \u201cLes viol\u00e8ncies envers les dones no entenen d\u2019edat, no els hi donis l\u2019esquena\u201d que t\u00e9 per objectiu sensibilitzar les persones grans que, per por, vergonya o depend\u00e8ncia econ\u00f2mica, no denuncien els seus agressors o desconeixen els circuits d\u2019ajuda.&nbsp;<\/p>\n\n\n\n<p>La regidora de Feminismes i Igualtat i de la Gent Gran, Paqui Cepas, ha explicat que&nbsp;<em>\u201caqu\u00ed a la Bisbal del Pened\u00e8s tamb\u00e9 volem comptar amb les eines per poder detectar qualsevol cas de viol\u00e8ncia entre la gent gran i activar les accions necess\u00e0ries per pal\u00b7liar comportaments violents i masclistes en aquest col\u00b7lectiu que, sovint, no coneix les eines que t\u00e9 a l\u2019abast per lluitar contra la viol\u00e8ncia masclista\u201d<\/em>. Per aquest motiu, la regidora s\u2019ha comprom\u00e8s a&nbsp;<em>\u201ctreballar per implementar un protocol que permeti establir un pla en cas de detectar alguna possible situaci\u00f3 d\u2019agressi\u00f3 masclista\u201d.<\/em><\/p>\n\n\n\n<hr class=\"wp-block-separator has-alpha-channel-opacity\"\/>\n\n\n\n<p><strong>CASTELLANO |&nbsp;<\/strong>La concejala de Feminismos e Igualdad y de la Gente Mayor, Paqui Cepas; y la presidenta de la Associaci\u00f3 de la Gent Gran de la Bisbal; Teresa Vilella; han asistido este jueves a la sesi\u00f3n formativa sobre violencia hacia las mujeres mayores que L\u2019Arc Serveis les ha ofrecido a las juntas de casales y asociaciones de jubilados del Pened\u00e8s y el Camp de Tarragona, con motivo del 25-N: el D\u00eda internacional por la eliminaci\u00f3n de la violencia hacia las mujeres.<\/p>\n\n\n\n<p>La jornada se enmarcaba en la campa\u00f1a \u201cLas violencias hacia las mujeres no entienden de edad, no les des la espalda\u201d que tiene como objetivo sensibilizar a las personas mayores que, por miedo, verg\u00fcenza o dependencia econ\u00f3mica, no denuncian a sus agresores o desconocen los circuitos de ayuda.<\/p>\n\n\n\n<p>La concejala de Feminismos e Igualdad y de la Gente Mayor, Paqui Cepas, ha explicado que&nbsp;<em>\u201caqu\u00ed en la Bisbal del Pened\u00e8s tambi\u00e9n queremos contar con herramientas para poder detectar cualquier caso de violencia entre la gente mayor y activar las acciones necesarias para paliar comportamientos violentos o machistas en este colectivo que, a menudo, no conoce las herramientas que tiene al alcance para luchar contra la violencia machista\u201d.<\/em>&nbsp;Por este motivo, la concejala se ha comprometido a&nbsp;<em>\u201ctrabajar para implementar un protocolo que permita establecer un plan en caso de detectar alguna posible situaci\u00f3n de agresi\u00f3n machista\u201d.<\/em><\/p>\n","protected":false},"excerpt":{"rendered":"<p>La regidora de Feminismes i Igualtat i de la Gent Gran, Paqui Cepas; i la presidenta de l\u2019Associaci\u00f3 de la Gent Gran de la Bisbal, Teresa Vilella; han assistit aquest &hellip; <a href=\"https:\/\/bisbalpenedes.com\/web\/2023\/11\/24\/les-regidories-de-feminismes-igualtat-i-la-gent-gran-i-lassociacio-de-la-gent-gran-assisteixen-a-un-acte-amb-motiu-del-25-n-centrat-en-la-gent-gran\/\" class=\"more-link\">Read More<\/a><\/p>\n","protected":false},"author":4,"featured_media":28289,"comment_status":"closed","ping_status":"closed","sticky":false,"template":"","format":"standard","meta":[],"categories":[20,464,6120,8],"tags":[4224,459,305,393,1374],"_links":{"self":[{"href":"https:\/\/bisbalpenedes.com\/web\/wp-json\/wp\/v2\/posts\/28288"}],"collection":[{"href":"https:\/\/bisbalpenedes.com\/web\/wp-json\/wp\/v2\/posts"}],"about":[{"href":"https:\/\/bisbalpenedes.com\/web\/wp-json\/wp\/v2\/types\/post"}],"author":[{"embeddable":true,"href":"https:\/\/bisbalpenedes.com\/web\/wp-json\/wp\/v2\/users\/4"}],"replies":[{"embeddable":true,"href":"https:\/\/bisbalpenedes.com\/web\/wp-json\/wp\/v2\/comments?post=28288"}],"version-history":[{"count":1,"href":"https:\/\/bisbalpenedes.com\/web\/wp-json\/wp\/v2\/posts\/28288\/revisions"}],"predecessor-version":[{"id":28290,"href":"https:\/\/bisbalpenedes.com\/web\/wp-json\/wp\/v2\/posts\/28288\/revisions\/28290"}],"wp:featuredmedia":[{"embeddable":true,"href":"https:\/\/bisbalpenedes.com\/web\/wp-json\/wp\/v2\/media\/28289"}],"wp:attachment":[{"href":"https:\/\/bisbalpenedes.com\/web\/wp-json\/wp\/v2\/media?parent=28288"}],"wp:term":[{"taxonomy":"category","embeddable":true,"href":"https:\/\/bisbalpenedes.com\/web\/wp-json\/wp\/v2\/categories?post=28288"},{"taxonomy":"post_tag","embeddable":true,"href":"https:\/\/bisbalpenedes.com\/web\/wp-json\/wp\/v2\/tags?post=28288"}],"curies":[{"name":"wp","href":"https:\/\/api.w.org\/{rel}","templated":true}]}}