{"id":28273,"date":"2023-11-24T19:55:28","date_gmt":"2023-11-24T17:55:28","guid":{"rendered":"https:\/\/bisbalpenedes.com\/web\/?p=28273"},"modified":"2023-12-01T13:35:41","modified_gmt":"2023-12-01T11:35:41","slug":"lequip-de-govern-ha-visitat-les-obres-de-la-fase-1-del-poliesportiu-municipal-aquest-divendres-i-shan-recepcionat-els-obres","status":"publish","type":"post","link":"https:\/\/bisbalpenedes.com\/web\/2023\/11\/24\/lequip-de-govern-ha-visitat-les-obres-de-la-fase-1-del-poliesportiu-municipal-aquest-divendres-i-shan-recepcionat-els-obres\/","title":{"rendered":"<strong>L\u2019equip de govern ha visitat les obres de la fase 1 del poliesportiu municipal aquest divendres i s\u2019han recepcionat els obres<\/strong>"},"content":{"rendered":"\n<p>Aquest divendres, l\u2019equip de govern ha visitat la fase 1 del poliesportiu municipal amb motiu de la finalitzaci\u00f3 de les obres d\u2019aquesta fase i tamb\u00e9, aquest divendres, s\u2019ha procedit a la recepci\u00f3 de les obres.<\/p>\n\n\n\n<p>El passat 13 de novembre, la Junta de govern va aprovar per unanimitat la data de l\u2019acta de recepci\u00f3 de les obres de la fase 1 del poliesportiu municipal. En concret, va fixar el 24 de novembre com la data per realitzar la recepci\u00f3 de les obres de la Fase 1 del poliesportiu municipal i, per aquest motiu, aquest divendres s\u2019ha fet aquesta visita a les noves instal\u00b7lacions.<\/p>\n\n\n\n<p>L\u2019aprovaci\u00f3 de l\u2019acta de recepci\u00f3 de les obres de la fase 1 del poliesportiu municipal era una proposta de la Junta de govern amb compet\u00e8ncia delegada del Ple. Per aquest motiu, es van obrir les portes de la sala de Plens perqu\u00e8 hi pogu\u00e9s assistir p\u00fablic i es va gravar aquest punt per garantir la seva publicitat. Podeu trobar el v\u00eddeo en aquest enlla\u00e7: <a href=\"https:\/\/actes.bisbalpenedes.com\/session\/sessionDetail\/8a8080848acca6ef018bcd2e5d80001a?startAt=0.0&amp;endsAt=\">https:\/\/actes.bisbalpenedes.com\/session\/sessionDetail\/8a8080848acca6ef018bcd2e5d80001a?startAt=0.0&amp;endsAt=<\/a><\/p>\n\n\n\n<p>L\u2019alcaldessa de la Bisbal del Pened\u00e8s, Agn\u00e8s Ferr\u00e9, ha explicat que <em>\u201cha costat molts tr\u00e0mits i esfor\u00e7os per\u00f2, finalment, acabem la fase 1, que \u00e9s la rehabilitaci\u00f3 de tot el pavell\u00f3 i la construcci\u00f3 d\u2019un edifici d\u2019una sola planta amb el porxo d\u2019acc\u00e9s, el vest\u00edbul per accedir a les grades, l\u2019administraci\u00f3 i el control d\u2019acc\u00e9s, els serveis higi\u00e8nics per al p\u00fablic, els 2 vestidors per als equips, el vestidor dels t\u00e8cnics i els \u00e0rbitres, la infermeria, el local de neteja, els 2 passos (peus bruts i nets), &nbsp;l\u2019acc\u00e9s a grades, la pista, la graderia i els magatzems\u201d<\/em>. L&#8217;alcaldessa ha afegit que l\u2019equip de govern \u201c<em>estem treballant per<\/em> <em>posar en marxa la licitaci\u00f3 de la fase 2 tan aviat com sigui possible. Aquesta fase inclou l\u2019edifici del bar, els despatxos i les sales per a les entitats\u201d.<\/em><\/p>\n\n\n\n<p>El regidor d\u2019Esports, Joan Gimeno, ha explicat que<em> \u201cestem preparant la inauguraci\u00f3 amb una jornada de portes obertes i activitats esportives per tots els p\u00fablics per al mes de gener, aix\u00ed com tot un seguit d\u2019activitats esportives per a infants. Tamb\u00e9 hi traslladarem les activitats esportives que actualment es fan al CMC. Estem molt il\u00b7lusionats amb la posada en funcionament d\u2019aquest espai esportiu\u201d.<\/em><\/p>\n\n\n\n<figure class=\"wp-container-2 wp-block-gallery-1 wp-block-gallery has-nested-images columns-default is-cropped\">\n<figure class=\"wp-block-image size-large\"><img loading=\"lazy\" width=\"2560\" height=\"1920\" data-id=\"28281\"  src=\"https:\/\/bisbalpenedes.com\/web\/wp-content\/uploads\/2023\/11\/IMG_1622-scaled.jpeg\" alt=\"\" class=\"wp-image-28281\" srcset=\"https:\/\/bisbalpenedes.com\/web\/wp-content\/uploads\/2023\/11\/IMG_1622-scaled.jpeg 2560w, https:\/\/bisbalpenedes.com\/web\/wp-content\/uploads\/2023\/11\/IMG_1622-300x225.jpeg 300w, https:\/\/bisbalpenedes.com\/web\/wp-content\/uploads\/2023\/11\/IMG_1622-1024x768.jpeg 1024w, https:\/\/bisbalpenedes.com\/web\/wp-content\/uploads\/2023\/11\/IMG_1622-768x576.jpeg 768w, https:\/\/bisbalpenedes.com\/web\/wp-content\/uploads\/2023\/11\/IMG_1622-1536x1152.jpeg 1536w, https:\/\/bisbalpenedes.com\/web\/wp-content\/uploads\/2023\/11\/IMG_1622-2048x1536.jpeg 2048w, https:\/\/bisbalpenedes.com\/web\/wp-content\/uploads\/2023\/11\/IMG_1622-600x450.jpeg 600w\" sizes=\"(max-width: 2560px) 100vw, 2560px\" \/><\/figure>\n\n\n\n<figure class=\"wp-block-image size-large\"><img loading=\"lazy\" width=\"2560\" height=\"1920\" data-id=\"28280\"  src=\"https:\/\/bisbalpenedes.com\/web\/wp-content\/uploads\/2023\/11\/IMG_1641-scaled.jpeg\" alt=\"\" class=\"wp-image-28280\" srcset=\"https:\/\/bisbalpenedes.com\/web\/wp-content\/uploads\/2023\/11\/IMG_1641-scaled.jpeg 2560w, https:\/\/bisbalpenedes.com\/web\/wp-content\/uploads\/2023\/11\/IMG_1641-300x225.jpeg 300w, https:\/\/bisbalpenedes.com\/web\/wp-content\/uploads\/2023\/11\/IMG_1641-1024x768.jpeg 1024w, https:\/\/bisbalpenedes.com\/web\/wp-content\/uploads\/2023\/11\/IMG_1641-768x576.jpeg 768w, https:\/\/bisbalpenedes.com\/web\/wp-content\/uploads\/2023\/11\/IMG_1641-1536x1152.jpeg 1536w, https:\/\/bisbalpenedes.com\/web\/wp-content\/uploads\/2023\/11\/IMG_1641-2048x1536.jpeg 2048w, https:\/\/bisbalpenedes.com\/web\/wp-content\/uploads\/2023\/11\/IMG_1641-600x450.jpeg 600w\" sizes=\"(max-width: 2560px) 100vw, 2560px\" \/><\/figure>\n\n\n\n<figure class=\"wp-block-image size-large\"><img loading=\"lazy\" width=\"2560\" height=\"1920\" data-id=\"28278\"  src=\"https:\/\/bisbalpenedes.com\/web\/wp-content\/uploads\/2023\/11\/IMG_1620-scaled.jpeg\" alt=\"\" class=\"wp-image-28278\" srcset=\"https:\/\/bisbalpenedes.com\/web\/wp-content\/uploads\/2023\/11\/IMG_1620-scaled.jpeg 2560w, https:\/\/bisbalpenedes.com\/web\/wp-content\/uploads\/2023\/11\/IMG_1620-300x225.jpeg 300w, https:\/\/bisbalpenedes.com\/web\/wp-content\/uploads\/2023\/11\/IMG_1620-1024x768.jpeg 1024w, https:\/\/bisbalpenedes.com\/web\/wp-content\/uploads\/2023\/11\/IMG_1620-768x576.jpeg 768w, https:\/\/bisbalpenedes.com\/web\/wp-content\/uploads\/2023\/11\/IMG_1620-1536x1152.jpeg 1536w, https:\/\/bisbalpenedes.com\/web\/wp-content\/uploads\/2023\/11\/IMG_1620-2048x1536.jpeg 2048w, https:\/\/bisbalpenedes.com\/web\/wp-content\/uploads\/2023\/11\/IMG_1620-600x450.jpeg 600w\" sizes=\"(max-width: 2560px) 100vw, 2560px\" \/><\/figure>\n\n\n\n<figure class=\"wp-block-image size-large\"><img loading=\"lazy\" width=\"2560\" height=\"1920\" data-id=\"28276\"  src=\"https:\/\/bisbalpenedes.com\/web\/wp-content\/uploads\/2023\/11\/IMG_1628-scaled.jpeg\" alt=\"\" class=\"wp-image-28276\" srcset=\"https:\/\/bisbalpenedes.com\/web\/wp-content\/uploads\/2023\/11\/IMG_1628-scaled.jpeg 2560w, https:\/\/bisbalpenedes.com\/web\/wp-content\/uploads\/2023\/11\/IMG_1628-300x225.jpeg 300w, https:\/\/bisbalpenedes.com\/web\/wp-content\/uploads\/2023\/11\/IMG_1628-1024x768.jpeg 1024w, https:\/\/bisbalpenedes.com\/web\/wp-content\/uploads\/2023\/11\/IMG_1628-768x576.jpeg 768w, https:\/\/bisbalpenedes.com\/web\/wp-content\/uploads\/2023\/11\/IMG_1628-1536x1152.jpeg 1536w, https:\/\/bisbalpenedes.com\/web\/wp-content\/uploads\/2023\/11\/IMG_1628-2048x1536.jpeg 2048w, https:\/\/bisbalpenedes.com\/web\/wp-content\/uploads\/2023\/11\/IMG_1628-600x450.jpeg 600w\" sizes=\"(max-width: 2560px) 100vw, 2560px\" \/><\/figure>\n\n\n\n<figure class=\"wp-block-image size-large\"><img loading=\"lazy\" width=\"2560\" height=\"1920\" data-id=\"28277\"  src=\"https:\/\/bisbalpenedes.com\/web\/wp-content\/uploads\/2023\/11\/IMG_1625-scaled.jpeg\" alt=\"\" class=\"wp-image-28277\" srcset=\"https:\/\/bisbalpenedes.com\/web\/wp-content\/uploads\/2023\/11\/IMG_1625-scaled.jpeg 2560w, https:\/\/bisbalpenedes.com\/web\/wp-content\/uploads\/2023\/11\/IMG_1625-300x225.jpeg 300w, https:\/\/bisbalpenedes.com\/web\/wp-content\/uploads\/2023\/11\/IMG_1625-1024x768.jpeg 1024w, https:\/\/bisbalpenedes.com\/web\/wp-content\/uploads\/2023\/11\/IMG_1625-768x576.jpeg 768w, https:\/\/bisbalpenedes.com\/web\/wp-content\/uploads\/2023\/11\/IMG_1625-1536x1152.jpeg 1536w, https:\/\/bisbalpenedes.com\/web\/wp-content\/uploads\/2023\/11\/IMG_1625-2048x1536.jpeg 2048w, https:\/\/bisbalpenedes.com\/web\/wp-content\/uploads\/2023\/11\/IMG_1625-600x450.jpeg 600w\" sizes=\"(max-width: 2560px) 100vw, 2560px\" \/><\/figure>\n\n\n\n<figure class=\"wp-block-image size-large\"><img loading=\"lazy\" width=\"2560\" height=\"1920\" data-id=\"28279\"  src=\"https:\/\/bisbalpenedes.com\/web\/wp-content\/uploads\/2023\/11\/IMG_1615-scaled.jpeg\" alt=\"\" class=\"wp-image-28279\" srcset=\"https:\/\/bisbalpenedes.com\/web\/wp-content\/uploads\/2023\/11\/IMG_1615-scaled.jpeg 2560w, https:\/\/bisbalpenedes.com\/web\/wp-content\/uploads\/2023\/11\/IMG_1615-300x225.jpeg 300w, https:\/\/bisbalpenedes.com\/web\/wp-content\/uploads\/2023\/11\/IMG_1615-1024x768.jpeg 1024w, https:\/\/bisbalpenedes.com\/web\/wp-content\/uploads\/2023\/11\/IMG_1615-768x576.jpeg 768w, https:\/\/bisbalpenedes.com\/web\/wp-content\/uploads\/2023\/11\/IMG_1615-1536x1152.jpeg 1536w, https:\/\/bisbalpenedes.com\/web\/wp-content\/uploads\/2023\/11\/IMG_1615-2048x1536.jpeg 2048w, https:\/\/bisbalpenedes.com\/web\/wp-content\/uploads\/2023\/11\/IMG_1615-600x450.jpeg 600w\" sizes=\"(max-width: 2560px) 100vw, 2560px\" \/><\/figure>\n<\/figure>\n\n\n\n<hr class=\"wp-block-separator has-alpha-channel-opacity\"\/>\n\n\n\n<p><strong>CASTELLANO |<\/strong> Este viernes, el equipo de gobierno ha visitado la fase 1 del polideportivo municipal con motivo de la finalizaci\u00f3n de las obras de esta fase y tambi\u00e9n, este viernes, se ha procedido la recepci\u00f3n de las obras.<\/p>\n\n\n\n<p>El pasado 13 de noviembre, la Junta de gobierno aprob\u00f3 por unanimidad la fecha del acta de recepci\u00f3n de las obras de la fase 1 del polideportivo. Concretamente, se fij\u00f3 el 24 de noviembre como fecha para realizar la recepci\u00f3n de las obras de la Fase 1 del polideportivo municipal y, por este motivo, este viernes se ha hecho esta visita a las nuevas instalaciones.<\/p>\n\n\n\n<p>La aprobaci\u00f3n del acta de recepci\u00f3n de las obras de la fase 1 del polideportivo municipal era una propuesta de la Junta de gobierno con competencia delegada del Pleno. Por este motivo, se abrieron las puertas de la sala de Plenos para que pudiese asistir p\u00fablico y se grab\u00f3 este punto para garantizar su publicidad. Pod\u00e9is encontrar el v\u00eddeo en este enlace:<\/p>\n\n\n\n<p><a href=\"https:\/\/actes.bisbalpenedes.com\/session\/sessionDetail\/8a8080848acca6ef018bcd2e5d80001a?startAt=0.0&amp;endsAt=\">https:\/\/actes.bisbalpenedes.com\/session\/sessionDetail\/8a8080848acca6ef018bcd2e5d80001a?startAt=0.0&amp;endsAt=<\/a><\/p>\n\n\n\n<p>La alcaldesa de la Bisbal del Pened\u00e8s, Agn\u00e8s Ferr\u00e9, ha explicado que \u201c<em>ha costado muchos tr\u00e1mites y esfuerzos pero, finalmente, finalizamos la fase 1, que es la rehabilitaci\u00f3n de todo el pabell\u00f3n y la construcci\u00f3n de un edificio de una sola planta con el porche de acceso, el vest\u00edbulo para acceder a las gradas, la administraci\u00f3n y el control de acceso, los servicios higi\u00e9nicos para el p\u00fablico, los 2 vestidores para los equipos, el vestidor de los t\u00e9cnicos y los \u00e1rbitros, la enfermer\u00eda, el local de limpieza, los 2 pasos (pies sucios y limpios), el acceso a gradas, la pista, la grader\u00eda y los almacenes\u201d.<\/em> La alcaldesa ha a\u00f1adido que el equipo de gobierno <em>\u201cestamos trabajando para poner en marcha la licitaci\u00f3n de la fase 2 tan pronto como sea posible. Esta fase que incluye el edificio del bar, los despachos y las salas para las entidades\u201d.<\/em><\/p>\n\n\n\n<p>El concejal de Deportes, Joan Gimeno, ha explicado que <em>\u201cestamos preparando la inauguraci\u00f3n con una jornada de puertas abiertas y actividades deportivas para todos los p\u00fablicos para el mes de enero, as\u00ed como un seguido de actividades deportivas para ni\u00f1os. Tambi\u00e9n trasladaremos a este nuevo espacio las actividades deportivas que actualmente se llevan a cabo en el CMC. Estamos muy ilusionados con la puesta en funcionamiento de este espacio deportivo\u201d.<\/em><\/p>\n","protected":false},"excerpt":{"rendered":"<p>Aquest divendres, l\u2019equip de govern ha visitat la fase 1 del poliesportiu municipal amb motiu de la finalitzaci\u00f3 de les obres d\u2019aquesta fase i tamb\u00e9, aquest divendres, s\u2019ha procedit a &hellip; <a href=\"https:\/\/bisbalpenedes.com\/web\/2023\/11\/24\/lequip-de-govern-ha-visitat-les-obres-de-la-fase-1-del-poliesportiu-municipal-aquest-divendres-i-shan-recepcionat-els-obres\/\" class=\"more-link\">Read More<\/a><\/p>\n","protected":false},"author":4,"featured_media":28274,"comment_status":"closed","ping_status":"closed","sticky":false,"template":"","format":"standard","meta":[],"categories":[19,8,15],"tags":[4927,459,368,393,3146,1374,483,199],"_links":{"self":[{"href":"https:\/\/bisbalpenedes.com\/web\/wp-json\/wp\/v2\/posts\/28273"}],"collection":[{"href":"https:\/\/bisbalpenedes.com\/web\/wp-json\/wp\/v2\/posts"}],"about":[{"href":"https:\/\/bisbalpenedes.com\/web\/wp-json\/wp\/v2\/types\/post"}],"author":[{"embeddable":true,"href":"https:\/\/bisbalpenedes.com\/web\/wp-json\/wp\/v2\/users\/4"}],"replies":[{"embeddable":true,"href":"https:\/\/bisbalpenedes.com\/web\/wp-json\/wp\/v2\/comments?post=28273"}],"version-history":[{"count":2,"href":"https:\/\/bisbalpenedes.com\/web\/wp-json\/wp\/v2\/posts\/28273\/revisions"}],"predecessor-version":[{"id":28294,"href":"https:\/\/bisbalpenedes.com\/web\/wp-json\/wp\/v2\/posts\/28273\/revisions\/28294"}],"wp:featuredmedia":[{"embeddable":true,"href":"https:\/\/bisbalpenedes.com\/web\/wp-json\/wp\/v2\/media\/28274"}],"wp:attachment":[{"href":"https:\/\/bisbalpenedes.com\/web\/wp-json\/wp\/v2\/media?parent=28273"}],"wp:term":[{"taxonomy":"category","embeddable":true,"href":"https:\/\/bisbalpenedes.com\/web\/wp-json\/wp\/v2\/categories?post=28273"},{"taxonomy":"post_tag","embeddable":true,"href":"https:\/\/bisbalpenedes.com\/web\/wp-json\/wp\/v2\/tags?post=28273"}],"curies":[{"name":"wp","href":"https:\/\/api.w.org\/{rel}","templated":true}]}}