{"id":28266,"date":"2023-11-23T21:36:07","date_gmt":"2023-11-23T19:36:07","guid":{"rendered":"https:\/\/bisbalpenedes.com\/web\/?p=28266"},"modified":"2023-11-23T21:36:07","modified_gmt":"2023-11-23T19:36:07","slug":"la-bisbal-del-penedes-compta-amb-un-nou-establiment-comercial-a-tu-vera-serveis","status":"publish","type":"post","link":"https:\/\/bisbalpenedes.com\/web\/2023\/11\/23\/la-bisbal-del-penedes-compta-amb-un-nou-establiment-comercial-a-tu-vera-serveis\/","title":{"rendered":"La Bisbal del Pened\u00e8s compta amb un nou establiment comercial: &#8220;A tu vera Serveis&#8221;"},"content":{"rendered":"\n<p>Des de fa un temps, la Bisbal del Pened\u00e8s compta amb un nou establiment al carrer Major: <strong>\u201cA tu vera Serveis\u201d.<\/strong><\/p>\n\n\n\n<p>Es tracta d\u2019una petita ag\u00e8ncia d\u2019atenci\u00f3 domicili\u00e0ria per a persones grans de la Bisbal del Pened\u00e8s que t\u00e9 com a objectiu ajudar les persones grans que necessiten un suport en les seves activitats de la vida di\u00e0ria. Aquesta ag\u00e8ncia ofereix serveis de neteja personal, cures, seguiment de la medicaci\u00f3, massatges circulatoris, perruqueria i podologia domicili\u00e0ria, control de l\u2019alimentaci\u00f3 y acompanyament a visites m\u00e8diques, compres o farm\u00e0cia o a fer un passeig.<\/p>\n\n\n\n<p>A banda d\u2019aquest servei, tamb\u00e9 ofereixen serveis de neteja, cuina o planxa a la llar, neteges de jardins i parcel\u00b7les i serveis de suport inform\u00e0tics i de fotoc\u00f2pies, esc\u00e0ner i impressions. A m\u00e9s, treballen amb Celeritas per a la recollida i devoluci\u00f3 de paquets.<\/p>\n\n\n\n<p>Per a m\u00e9s informaci\u00f3 us podeu adre\u00e7ar al carrer Major n\u00famero 44, al tel\u00e8fon 673 599 412 o al correu electr\u00f2nic atuvera.serveis@gmail.com<\/p>\n\n\n\n<p>Des de la Regidoria de Comer\u00e7 li donem la benvinguda a aquest nou establiment que, per cert, s\u2019ha adherit a la propera campanya de Nadal que fem amb els establiments comercials bisbalencs.<\/p>\n\n\n\n<hr class=\"wp-block-separator has-alpha-channel-opacity\"\/>\n\n\n\n<p><strong>CASTELLANO |<\/strong> Desde hace alg\u00fan tiempo, la Bisbal del Pened\u00e8s cuenta con un nuevo establecimiento en la calle Major: <strong>\u201cA tu vera Serveis\u201d.<\/strong><\/p>\n\n\n\n<p>Se trata de una peque\u00f1a agencia de atenci\u00f3n domiciliaria para personas mayores de la Bisbal del Pened\u00e8s que tiene como objetivo ayudar a las personas mayores que necesitan un apoyo en sus actividades de la vida diaria. Esta agencia ofrece servicios de limpieza personal, curas, seguimiento de la medicaci\u00f3n, masajes circulatorios, peluquer\u00eda y podolog\u00eda domiciliaria, control de la alimentaci\u00f3n y acompa\u00f1amiento a visitas m\u00e9dicas, compras o farmacia o a hacer un paseo.<\/p>\n\n\n\n<p>Adem\u00e1s de este servicio, tambi\u00e9n ofrecen servicios de limpieza, cocina o plancha en el hogar, limpiezas de jardines y parcelas y servicios de apoyo inform\u00e1ticos y de fotocopias, esc\u00e1ner e impresiones. Adem\u00e1s, trabajan con Celeritas para la recogida y devoluci\u00f3n de paquetes.<\/p>\n\n\n\n<p>Para m\u00e1s informaci\u00f3n os pod\u00e9is dirigir a la calle Major n\u00famero 44, al tel\u00e9fono 673 599 412 o al correo electr\u00f3nico <a href=\"mailto:atuvera.serveis@gmail.com\" target=\"_blank\" rel=\"noreferrer noopener\">atuvera.serveis@gmail.com<\/a><\/p>\n\n\n\n<p>Desde la Concejal\u00eda de Comercio le damos la bienvenida a este nuevo establecimiento que, por cierto, se ha adherido a la pr\u00f3xima campa\u00f1a de Navidad que hacemos con los establecimientos comerciales de la Bisbal.<\/p>\n","protected":false},"excerpt":{"rendered":"<p>Des de fa un temps, la Bisbal del Pened\u00e8s compta amb un nou establiment al carrer Major: \u201cA tu vera Serveis\u201d. Es tracta d\u2019una petita ag\u00e8ncia d\u2019atenci\u00f3 domicili\u00e0ria per a &hellip; <a href=\"https:\/\/bisbalpenedes.com\/web\/2023\/11\/23\/la-bisbal-del-penedes-compta-amb-un-nou-establiment-comercial-a-tu-vera-serveis\/\" class=\"more-link\">Read More<\/a><\/p>\n","protected":false},"author":4,"featured_media":28267,"comment_status":"closed","ping_status":"closed","sticky":false,"template":"","format":"standard","meta":[],"categories":[3860,8],"tags":[6352,6353,459,6355,6354,393,361,1374,4672,2768],"_links":{"self":[{"href":"https:\/\/bisbalpenedes.com\/web\/wp-json\/wp\/v2\/posts\/28266"}],"collection":[{"href":"https:\/\/bisbalpenedes.com\/web\/wp-json\/wp\/v2\/posts"}],"about":[{"href":"https:\/\/bisbalpenedes.com\/web\/wp-json\/wp\/v2\/types\/post"}],"author":[{"embeddable":true,"href":"https:\/\/bisbalpenedes.com\/web\/wp-json\/wp\/v2\/users\/4"}],"replies":[{"embeddable":true,"href":"https:\/\/bisbalpenedes.com\/web\/wp-json\/wp\/v2\/comments?post=28266"}],"version-history":[{"count":1,"href":"https:\/\/bisbalpenedes.com\/web\/wp-json\/wp\/v2\/posts\/28266\/revisions"}],"predecessor-version":[{"id":28268,"href":"https:\/\/bisbalpenedes.com\/web\/wp-json\/wp\/v2\/posts\/28266\/revisions\/28268"}],"wp:featuredmedia":[{"embeddable":true,"href":"https:\/\/bisbalpenedes.com\/web\/wp-json\/wp\/v2\/media\/28267"}],"wp:attachment":[{"href":"https:\/\/bisbalpenedes.com\/web\/wp-json\/wp\/v2\/media?parent=28266"}],"wp:term":[{"taxonomy":"category","embeddable":true,"href":"https:\/\/bisbalpenedes.com\/web\/wp-json\/wp\/v2\/categories?post=28266"},{"taxonomy":"post_tag","embeddable":true,"href":"https:\/\/bisbalpenedes.com\/web\/wp-json\/wp\/v2\/tags?post=28266"}],"curies":[{"name":"wp","href":"https:\/\/api.w.org\/{rel}","templated":true}]}}