{"id":28256,"date":"2023-11-23T20:25:39","date_gmt":"2023-11-23T18:25:39","guid":{"rendered":"https:\/\/bisbalpenedes.com\/web\/?p=28256"},"modified":"2023-11-23T20:25:39","modified_gmt":"2023-11-23T18:25:39","slug":"gran-recapte-dels-aliments-divendres-24-i-dissabte-25-de-novembre","status":"publish","type":"post","link":"https:\/\/bisbalpenedes.com\/web\/2023\/11\/23\/gran-recapte-dels-aliments-divendres-24-i-dissabte-25-de-novembre\/","title":{"rendered":"Gran Recapte dels Aliments: divendres 24 i dissabte 25 de novembre"},"content":{"rendered":"\n<p>El divendres 24 i el dissabte 25 de novembre, podeu participar en el Gran Recapte dels Aliments a les botigues del municipi.<br>Podeu fer les vostres donacions a:<\/p>\n\n\n\n<ul><li>Cal Perebusquet<\/li><li>Fruiteria Agro-Verd<\/li><li>Supermercat Jaume<\/li><li>Supermercat Caprabo<\/li><\/ul>\n\n\n\n<p>Durant el mat\u00ed, els alumnes de 4t d\u2019ESO de l\u2019Institut Coster de la Torre faran una recollida d\u2019aliments en el marc de les accions de serveis comunitaris que duen a terme des de l\u2019institut. No obstant aix\u00f2, a la tarda tamb\u00e9 trobareu les capses per dipositar aliments i productes de primera necessitat.<br><\/p>\n\n\n\n<hr class=\"wp-block-separator has-alpha-channel-opacity\"\/>\n\n\n\n<p><br><br><strong>CASTELLANO<\/strong> | El viernes 24 y el s\u00e1bado 25 de noviembre pod\u00e9is participar en el Gran Recapte dels Aliments en las tiendas del municipio.<br>Pod\u00e9is hacer vuestras donaciones en:<\/p>\n\n\n\n<ul><li>Cal Perebusquet<\/li><li>Fruiteria Agro-Verd<\/li><li>Supermercat Jaume<\/li><li>Supermercat Caprabo<\/li><\/ul>\n\n\n\n<p>Durante la ma\u00f1ana, los alumnos de 4\u00ba de ESO del Institut Coster de la Torre har\u00e1n una recogida de alimentos en el marco de las acciones de servicios comunitarios que llevan a cabo desde el instituto. No obstante, por la tarde tambi\u00e9n podr\u00e9is encontrar las cajas para depositar alimentos y productos de primera necesidad.<br><\/p>\n","protected":false},"excerpt":{"rendered":"<p>El divendres 24 i el dissabte 25 de novembre, podeu participar en el Gran Recapte dels Aliments a les botigues del municipi.Podeu fer les vostres donacions a: Cal Perebusquet Fruiteria &hellip; <a href=\"https:\/\/bisbalpenedes.com\/web\/2023\/11\/23\/gran-recapte-dels-aliments-divendres-24-i-dissabte-25-de-novembre\/\" class=\"more-link\">Read More<\/a><\/p>\n","protected":false},"author":4,"featured_media":28257,"comment_status":"closed","ping_status":"closed","sticky":false,"template":"","format":"standard","meta":[],"categories":[3851,3860,8],"tags":[459,2642,4227,393,1374,2644],"_links":{"self":[{"href":"https:\/\/bisbalpenedes.com\/web\/wp-json\/wp\/v2\/posts\/28256"}],"collection":[{"href":"https:\/\/bisbalpenedes.com\/web\/wp-json\/wp\/v2\/posts"}],"about":[{"href":"https:\/\/bisbalpenedes.com\/web\/wp-json\/wp\/v2\/types\/post"}],"author":[{"embeddable":true,"href":"https:\/\/bisbalpenedes.com\/web\/wp-json\/wp\/v2\/users\/4"}],"replies":[{"embeddable":true,"href":"https:\/\/bisbalpenedes.com\/web\/wp-json\/wp\/v2\/comments?post=28256"}],"version-history":[{"count":1,"href":"https:\/\/bisbalpenedes.com\/web\/wp-json\/wp\/v2\/posts\/28256\/revisions"}],"predecessor-version":[{"id":28258,"href":"https:\/\/bisbalpenedes.com\/web\/wp-json\/wp\/v2\/posts\/28256\/revisions\/28258"}],"wp:featuredmedia":[{"embeddable":true,"href":"https:\/\/bisbalpenedes.com\/web\/wp-json\/wp\/v2\/media\/28257"}],"wp:attachment":[{"href":"https:\/\/bisbalpenedes.com\/web\/wp-json\/wp\/v2\/media?parent=28256"}],"wp:term":[{"taxonomy":"category","embeddable":true,"href":"https:\/\/bisbalpenedes.com\/web\/wp-json\/wp\/v2\/categories?post=28256"},{"taxonomy":"post_tag","embeddable":true,"href":"https:\/\/bisbalpenedes.com\/web\/wp-json\/wp\/v2\/tags?post=28256"}],"curies":[{"name":"wp","href":"https:\/\/api.w.org\/{rel}","templated":true}]}}