{"id":28235,"date":"2023-11-21T20:08:34","date_gmt":"2023-11-21T18:08:34","guid":{"rendered":"https:\/\/bisbalpenedes.com\/web\/?p=28235"},"modified":"2023-11-21T20:08:34","modified_gmt":"2023-11-21T18:08:34","slug":"recollida-solidaria-de-joguines-perque-tots-els-infants-tinguin-juguina-aquest-nadal","status":"publish","type":"post","link":"https:\/\/bisbalpenedes.com\/web\/2023\/11\/21\/recollida-solidaria-de-joguines-perque-tots-els-infants-tinguin-juguina-aquest-nadal\/","title":{"rendered":"Recollida solid\u00e0ria de joguines perqu\u00e8 tots els infants tinguin juguina aquest Nadal"},"content":{"rendered":"\n<p>Un any m\u00e9s, l&#8217;Ajuntament de la Bisbal del Pened\u00e8s i la Creu Roja Joventut duem a terme una recollida de joguines conjunta perqu\u00e8, per Nadal, tots els infants tinguin joguines.<br>Podeu portar joguines noves, no sexistes i no b\u00e8l\u00b7liques al punt de recepci\u00f3 que hem col\u00b7locat a l&#8217;entrada de l&#8217;Ajuntament.<br>Per a m\u00e9s informaci\u00f3, consulteu les imatges adjuntes.<\/p>\n\n\n\n<hr class=\"wp-block-separator has-alpha-channel-opacity\"\/>\n\n\n\n<p><strong>CASTELLANO | <\/strong>Un a\u00f1o m\u00e1s, el Ayuntamiento de la Bisbal del Pened\u00e8s y la Creu Roja Joventut llevamos a cabo una recogida de juguetes conjunta para que, por Navidad, todos los ni\u00f1os y ni\u00f1as tengan juguetes.<br>Pod\u00e9is traer juguetes nuevos, no sexistas y no b\u00e9licos al punto de recepci\u00f3n que hemos colocado en la entrada del Ayuntamiento.<br>Para m\u00e1s informaci\u00f3n, consultadlos carteles adjuntos.<\/p>\n\n\n\n<figure class=\"wp-block-image size-large\"><img loading=\"lazy\" width=\"576\" height=\"1024\" src=\"https:\/\/bisbalpenedes.com\/web\/wp-content\/uploads\/2023\/11\/WhatsApp-Image-2023-11-20-at-12.43.31-576x1024.jpeg\" alt=\"\" class=\"wp-image-28237\" srcset=\"https:\/\/bisbalpenedes.com\/web\/wp-content\/uploads\/2023\/11\/WhatsApp-Image-2023-11-20-at-12.43.31-576x1024.jpeg 576w, https:\/\/bisbalpenedes.com\/web\/wp-content\/uploads\/2023\/11\/WhatsApp-Image-2023-11-20-at-12.43.31-169x300.jpeg 169w, https:\/\/bisbalpenedes.com\/web\/wp-content\/uploads\/2023\/11\/WhatsApp-Image-2023-11-20-at-12.43.31-768x1365.jpeg 768w, https:\/\/bisbalpenedes.com\/web\/wp-content\/uploads\/2023\/11\/WhatsApp-Image-2023-11-20-at-12.43.31-864x1536.jpeg 864w, https:\/\/bisbalpenedes.com\/web\/wp-content\/uploads\/2023\/11\/WhatsApp-Image-2023-11-20-at-12.43.31-600x1067.jpeg 600w, https:\/\/bisbalpenedes.com\/web\/wp-content\/uploads\/2023\/11\/WhatsApp-Image-2023-11-20-at-12.43.31.jpeg 1152w\" sizes=\"(max-width: 576px) 100vw, 576px\" \/><\/figure>\n\n\n\n<figure class=\"wp-block-image size-large\"><img loading=\"lazy\" width=\"576\" height=\"1024\" src=\"https:\/\/bisbalpenedes.com\/web\/wp-content\/uploads\/2023\/11\/WhatsApp-Image-2023-11-20-at-12.43.40-576x1024.jpeg\" alt=\"\" class=\"wp-image-28238\" srcset=\"https:\/\/bisbalpenedes.com\/web\/wp-content\/uploads\/2023\/11\/WhatsApp-Image-2023-11-20-at-12.43.40-576x1024.jpeg 576w, https:\/\/bisbalpenedes.com\/web\/wp-content\/uploads\/2023\/11\/WhatsApp-Image-2023-11-20-at-12.43.40-169x300.jpeg 169w, https:\/\/bisbalpenedes.com\/web\/wp-content\/uploads\/2023\/11\/WhatsApp-Image-2023-11-20-at-12.43.40-768x1365.jpeg 768w, https:\/\/bisbalpenedes.com\/web\/wp-content\/uploads\/2023\/11\/WhatsApp-Image-2023-11-20-at-12.43.40-864x1536.jpeg 864w, https:\/\/bisbalpenedes.com\/web\/wp-content\/uploads\/2023\/11\/WhatsApp-Image-2023-11-20-at-12.43.40-600x1067.jpeg 600w, https:\/\/bisbalpenedes.com\/web\/wp-content\/uploads\/2023\/11\/WhatsApp-Image-2023-11-20-at-12.43.40.jpeg 1152w\" sizes=\"(max-width: 576px) 100vw, 576px\" \/><\/figure>\n","protected":false},"excerpt":{"rendered":"<p>Un any m\u00e9s, l&#8217;Ajuntament de la Bisbal del Pened\u00e8s i la Creu Roja Joventut duem a terme una recollida de joguines conjunta perqu\u00e8, per Nadal, tots els infants tinguin joguines.Podeu &hellip; <a href=\"https:\/\/bisbalpenedes.com\/web\/2023\/11\/21\/recollida-solidaria-de-joguines-perque-tots-els-infants-tinguin-juguina-aquest-nadal\/\" class=\"more-link\">Read More<\/a><\/p>\n","protected":false},"author":4,"featured_media":28236,"comment_status":"closed","ping_status":"closed","sticky":false,"template":"","format":"standard","meta":[],"categories":[6117,8],"tags":[985,5649,208,393,95,6347],"_links":{"self":[{"href":"https:\/\/bisbalpenedes.com\/web\/wp-json\/wp\/v2\/posts\/28235"}],"collection":[{"href":"https:\/\/bisbalpenedes.com\/web\/wp-json\/wp\/v2\/posts"}],"about":[{"href":"https:\/\/bisbalpenedes.com\/web\/wp-json\/wp\/v2\/types\/post"}],"author":[{"embeddable":true,"href":"https:\/\/bisbalpenedes.com\/web\/wp-json\/wp\/v2\/users\/4"}],"replies":[{"embeddable":true,"href":"https:\/\/bisbalpenedes.com\/web\/wp-json\/wp\/v2\/comments?post=28235"}],"version-history":[{"count":1,"href":"https:\/\/bisbalpenedes.com\/web\/wp-json\/wp\/v2\/posts\/28235\/revisions"}],"predecessor-version":[{"id":28239,"href":"https:\/\/bisbalpenedes.com\/web\/wp-json\/wp\/v2\/posts\/28235\/revisions\/28239"}],"wp:featuredmedia":[{"embeddable":true,"href":"https:\/\/bisbalpenedes.com\/web\/wp-json\/wp\/v2\/media\/28236"}],"wp:attachment":[{"href":"https:\/\/bisbalpenedes.com\/web\/wp-json\/wp\/v2\/media?parent=28235"}],"wp:term":[{"taxonomy":"category","embeddable":true,"href":"https:\/\/bisbalpenedes.com\/web\/wp-json\/wp\/v2\/categories?post=28235"},{"taxonomy":"post_tag","embeddable":true,"href":"https:\/\/bisbalpenedes.com\/web\/wp-json\/wp\/v2\/tags?post=28235"}],"curies":[{"name":"wp","href":"https:\/\/api.w.org\/{rel}","templated":true}]}}