{"id":28229,"date":"2023-11-21T19:53:35","date_gmt":"2023-11-21T17:53:35","guid":{"rendered":"https:\/\/bisbalpenedes.com\/web\/?p=28229"},"modified":"2023-11-21T19:53:35","modified_gmt":"2023-11-21T17:53:35","slug":"del-24-de-novembre-al-3-de-desembre-se-celebra-la-setmana-de-la-pedra-seca-2023-al-baix-penedes","status":"publish","type":"post","link":"https:\/\/bisbalpenedes.com\/web\/2023\/11\/21\/del-24-de-novembre-al-3-de-desembre-se-celebra-la-setmana-de-la-pedra-seca-2023-al-baix-penedes\/","title":{"rendered":"Del 24 de novembre al 3 de desembre se celebra la Setmana de la Pedra Seca 2023 al Baix Pened\u00e8s"},"content":{"rendered":"\n<p>\ud83d\udce3Del 24 de novembre al 3 de desembre se celebra la Setmana de la Pedra Seca 2023 al Baix Pened\u00e8s.<\/p>\n\n\n\n<p>\ud83c\udfafLa Setmana de la Pedra Seca \u00e9s un esdeveniment que t\u00e9 per objectiu promocionar i recon\u00e8ixer aquesta t\u00e8cnica com a patrimoni i ofici.<\/p>\n\n\n\n<p>\ud83d\uddfaUs adjuntem un cartell que inclou les activitats que es fan a tota la comarca.<\/p>\n\n\n\n<p>\ud83c\udf33\ud83c\udf41A la Bisbal del Pened\u00e8s es far\u00e0 una activitat el proper diumenge 26 de novembre: <\/p>\n\n\n\n<p><strong>\u201cL\u2019evoluci\u00f3 de l\u2019agricultura al Pened\u00e8s a trav\u00e9s de la pedra seca\u201d<\/strong><br>\ud83d\udd66De 10:30h a 12:00h<br>\ud83d\udccdDes del cementiri<br>\u270d\ufe0fInscripcions a: <a rel=\"noreferrer noopener\" href=\"mailto:sortides@iepenedesencs.org\" target=\"_blank\">sortides@iepenedesencs.org<\/a><\/p>\n\n\n\n<hr class=\"wp-block-separator has-alpha-channel-opacity\"\/>\n\n\n\n<p><strong>CASTELLANO |<\/strong> \ud83d\udce3Del 24 de noviembre al 3 de diciembre se celebra la Semana de la Piedra Seca 2023 en el Baix Pened\u00e8s.<\/p>\n\n\n\n<p>\ud83c\udfafLa Semana de la Piedra Seca es un evento que tiene como objetivo promocionar y reconocer esta t\u00e9cnica como patrimonio y oficio.<\/p>\n\n\n\n<p>\ud83d\uddfaOs adjuntamos un cartel que incluye las actividades que se hacen en toda la comarca.<\/p>\n\n\n\n<p>\ud83c\udf33\ud83c\udf41En la Bisbal del Pened\u00e8s se har\u00e1 una actividad el pr\u00f3ximo domingo 26 de noviembre: <\/p>\n\n\n\n<p><strong>\u201cL\u2019evoluci\u00f3 de l\u2019agricultura al Pened\u00e8s a trav\u00e9s de la pedra seca\u201d<\/strong><br>\ud83d\udd66De 10:30h a 12:00h<br>\ud83d\udccdDesde el cementerio<br>\u270d\ufe0fInscripciones en: <a rel=\"noreferrer noopener\" href=\"mailto:sortides@iepenedesencs.org\" target=\"_blank\">sortides@iepenedesencs.org<\/a><\/p>\n\n\n\n<figure class=\"wp-block-image size-large\"><img loading=\"lazy\" width=\"724\" height=\"1024\" src=\"https:\/\/bisbalpenedes.com\/web\/wp-content\/uploads\/2023\/11\/CARTELL-SETMANA-PEDRA-SECA-2023-1-724x1024.png\" alt=\"\" class=\"wp-image-28231\" srcset=\"https:\/\/bisbalpenedes.com\/web\/wp-content\/uploads\/2023\/11\/CARTELL-SETMANA-PEDRA-SECA-2023-1-724x1024.png 724w, https:\/\/bisbalpenedes.com\/web\/wp-content\/uploads\/2023\/11\/CARTELL-SETMANA-PEDRA-SECA-2023-1-212x300.png 212w, https:\/\/bisbalpenedes.com\/web\/wp-content\/uploads\/2023\/11\/CARTELL-SETMANA-PEDRA-SECA-2023-1-768x1086.png 768w, https:\/\/bisbalpenedes.com\/web\/wp-content\/uploads\/2023\/11\/CARTELL-SETMANA-PEDRA-SECA-2023-1-1086x1536.png 1086w, https:\/\/bisbalpenedes.com\/web\/wp-content\/uploads\/2023\/11\/CARTELL-SETMANA-PEDRA-SECA-2023-1-600x849.png 600w, https:\/\/bisbalpenedes.com\/web\/wp-content\/uploads\/2023\/11\/CARTELL-SETMANA-PEDRA-SECA-2023-1.png 1414w\" sizes=\"(max-width: 724px) 100vw, 724px\" \/><\/figure>\n","protected":false},"excerpt":{"rendered":"<p>\ud83d\udce3Del 24 de novembre al 3 de desembre se celebra la Setmana de la Pedra Seca 2023 al Baix Pened\u00e8s. \ud83c\udfafLa Setmana de la Pedra Seca \u00e9s un esdeveniment que &hellip; <a href=\"https:\/\/bisbalpenedes.com\/web\/2023\/11\/21\/del-24-de-novembre-al-3-de-desembre-se-celebra-la-setmana-de-la-pedra-seca-2023-al-baix-penedes\/\" class=\"more-link\">Read More<\/a><\/p>\n","protected":false},"author":4,"featured_media":28232,"comment_status":"closed","ping_status":"closed","sticky":false,"template":"","format":"standard","meta":[],"categories":[2942,3124,8,4878],"tags":[2209,459,393,1374,6346,328],"_links":{"self":[{"href":"https:\/\/bisbalpenedes.com\/web\/wp-json\/wp\/v2\/posts\/28229"}],"collection":[{"href":"https:\/\/bisbalpenedes.com\/web\/wp-json\/wp\/v2\/posts"}],"about":[{"href":"https:\/\/bisbalpenedes.com\/web\/wp-json\/wp\/v2\/types\/post"}],"author":[{"embeddable":true,"href":"https:\/\/bisbalpenedes.com\/web\/wp-json\/wp\/v2\/users\/4"}],"replies":[{"embeddable":true,"href":"https:\/\/bisbalpenedes.com\/web\/wp-json\/wp\/v2\/comments?post=28229"}],"version-history":[{"count":1,"href":"https:\/\/bisbalpenedes.com\/web\/wp-json\/wp\/v2\/posts\/28229\/revisions"}],"predecessor-version":[{"id":28233,"href":"https:\/\/bisbalpenedes.com\/web\/wp-json\/wp\/v2\/posts\/28229\/revisions\/28233"}],"wp:featuredmedia":[{"embeddable":true,"href":"https:\/\/bisbalpenedes.com\/web\/wp-json\/wp\/v2\/media\/28232"}],"wp:attachment":[{"href":"https:\/\/bisbalpenedes.com\/web\/wp-json\/wp\/v2\/media?parent=28229"}],"wp:term":[{"taxonomy":"category","embeddable":true,"href":"https:\/\/bisbalpenedes.com\/web\/wp-json\/wp\/v2\/categories?post=28229"},{"taxonomy":"post_tag","embeddable":true,"href":"https:\/\/bisbalpenedes.com\/web\/wp-json\/wp\/v2\/tags?post=28229"}],"curies":[{"name":"wp","href":"https:\/\/api.w.org\/{rel}","templated":true}]}}