{"id":28219,"date":"2023-11-20T21:09:54","date_gmt":"2023-11-20T19:09:54","guid":{"rendered":"https:\/\/bisbalpenedes.com\/web\/?p=28219"},"modified":"2023-11-20T21:49:32","modified_gmt":"2023-11-20T19:49:32","slug":"la-junta-de-govern-ha-aprovat-un-contracte-per-a-la-redaccio-del-projecte-dun-aparcament-al-barri-de-la-riba","status":"publish","type":"post","link":"https:\/\/bisbalpenedes.com\/web\/2023\/11\/20\/la-junta-de-govern-ha-aprovat-un-contracte-per-a-la-redaccio-del-projecte-dun-aparcament-al-barri-de-la-riba\/","title":{"rendered":"La Junta de Govern ha aprovat un contracte per a la redacci\u00f3 del projecte d&#8217;un aparcament al barri de la Riba"},"content":{"rendered":"\n<p>La Junta de govern local del 13 de novembre, a petici\u00f3 de les regidories d&#8217;Urbanisme i Via P\u00fablica, ha aprovat un contracte per a la redacci\u00f3 del projecte i direcci\u00f3 d&#8217;obra per a la construcci\u00f3 d&#8217;un aparcament p\u00fablic al barri de la Riba. Aquest contracte inclou el projecte b\u00e0sic i d&#8217;execuci\u00f3, l&#8217;estudi b\u00e0sic de seguretat i salut i la direcci\u00f3 d&#8217;obra. L&#8217;import total \u00e9s de 6.921,20\u20ac (IVA incl\u00f2s) i anir\u00e0 a c\u00e0rrec de l&#8217;arquitecte Ignasi Forcada Martorell.<\/p>\n\n\n\n<p>La majoria dels carrers de la Riba s\u00f3n estrets i, durant els darrers anys, ha augmentat for\u00e7a el volum dels vehicles: tant el volum que ocupa cadascun com el nombre de vehicles que t\u00e9 cada fam\u00edlia. Per aquest motiu, l&#8217;Ajuntament considera necessari augmentar el nombre de places p\u00fabliques d&#8217;aparcament en aquest barri, amb un aparcament que es calcula que tindr\u00e0 58 places i que estar\u00e0 ubicat entre el carrer General Romagosa i el cam\u00ed al Priorat de la Bisbal, amb una superf\u00edcie total de 1.618m2. Per tot plegat, s&#8217;ha aprovat un contracte per a la redacci\u00f3 del projecte d&#8217;aparcament, una obra que estar\u00e0 acabada durant el primer semestre del 2024.<\/p>\n\n\n\n<figure class=\"wp-block-image size-large\"><img loading=\"lazy\" width=\"1024\" height=\"724\" src=\"https:\/\/bisbalpenedes.com\/web\/wp-content\/uploads\/2023\/11\/Pla\u0300nol-aparcament-Riba-PNG-a-mida-gran-1024x724.png\" alt=\"\" class=\"wp-image-28227\" srcset=\"https:\/\/bisbalpenedes.com\/web\/wp-content\/uploads\/2023\/11\/Pla\u0300nol-aparcament-Riba-PNG-a-mida-gran-1024x724.png 1024w, https:\/\/bisbalpenedes.com\/web\/wp-content\/uploads\/2023\/11\/Pla\u0300nol-aparcament-Riba-PNG-a-mida-gran-300x212.png 300w, https:\/\/bisbalpenedes.com\/web\/wp-content\/uploads\/2023\/11\/Pla\u0300nol-aparcament-Riba-PNG-a-mida-gran-768x543.png 768w, https:\/\/bisbalpenedes.com\/web\/wp-content\/uploads\/2023\/11\/Pla\u0300nol-aparcament-Riba-PNG-a-mida-gran-600x424.png 600w, https:\/\/bisbalpenedes.com\/web\/wp-content\/uploads\/2023\/11\/Pla\u0300nol-aparcament-Riba-PNG-a-mida-gran.png 1280w\" sizes=\"(max-width: 1024px) 100vw, 1024px\" \/><\/figure>\n\n\n\n<hr class=\"wp-block-separator has-alpha-channel-opacity\"\/>\n\n\n\n<p><strong>CASTELLANO |<\/strong>&nbsp;La Junta de gobierno local del 13 de noviembre, a petici\u00f3n de las concejal\u00edas de Urbanismo y V\u00eda P\u00fablica, ha aprobado un contrato para la redacci\u00f3n del proyecto y la direcci\u00f3n de obra para la construcci\u00f3n de un aparcamiento p\u00fablico en el barrio de la Riba. Este contrato incluye el proyecto b\u00e1sico y el de ejecuci\u00f3n, el estudio b\u00e1sico de seguridad y salud y la direcci\u00f3n de la obra. El importe total es de 6.921,20\u20ac (IVA incluido) e ir\u00e1 a cargo del arquitecto Ignasi Forcada Martorell.<\/p>\n\n\n\n<p>La mayor\u00eda de las calles de la Riba son estrechas y, durante los \u00faltimos a\u00f1os, ha aumentado bastante el volumen de veh\u00edculos: tanto el volumen que ocupa cada uno como el n\u00famero de veh\u00edculos que tiene cada familia. Por este motivo, el Ayuntamiento considera necesario aumentar el n\u00famero de plazas p\u00fablicas de aparcamiento en este barrio, con un aparcamiento que se calcula que tendr\u00e1 58 plazas y que estar\u00e1 ubicado entre la calle General Romagosa y el camino al Priorat de la Bisbal, con una superficie total de 1.618m2. Por todo ello, se ha aprobado un contrato para la redacci\u00f3n del proyecto de aparcamiento, una obra que estar\u00e1 terminada durante el primer semestre del 2024.<\/p>\n","protected":false},"excerpt":{"rendered":"<p>La Junta de govern local del 13 de novembre, a petici\u00f3 de les regidories d&#8217;Urbanisme i Via P\u00fablica, ha aprovat un contracte per a la redacci\u00f3 del projecte i direcci\u00f3 &hellip; <a href=\"https:\/\/bisbalpenedes.com\/web\/2023\/11\/20\/la-junta-de-govern-ha-aprovat-un-contracte-per-a-la-redaccio-del-projecte-dun-aparcament-al-barri-de-la-riba\/\" class=\"more-link\">Read More<\/a><\/p>\n","protected":false},"author":4,"featured_media":28220,"comment_status":"closed","ping_status":"closed","sticky":false,"template":"","format":"standard","meta":[],"categories":[3085,3482,8,15],"tags":[330,459,3115,393,1337],"_links":{"self":[{"href":"https:\/\/bisbalpenedes.com\/web\/wp-json\/wp\/v2\/posts\/28219"}],"collection":[{"href":"https:\/\/bisbalpenedes.com\/web\/wp-json\/wp\/v2\/posts"}],"about":[{"href":"https:\/\/bisbalpenedes.com\/web\/wp-json\/wp\/v2\/types\/post"}],"author":[{"embeddable":true,"href":"https:\/\/bisbalpenedes.com\/web\/wp-json\/wp\/v2\/users\/4"}],"replies":[{"embeddable":true,"href":"https:\/\/bisbalpenedes.com\/web\/wp-json\/wp\/v2\/comments?post=28219"}],"version-history":[{"count":3,"href":"https:\/\/bisbalpenedes.com\/web\/wp-json\/wp\/v2\/posts\/28219\/revisions"}],"predecessor-version":[{"id":28228,"href":"https:\/\/bisbalpenedes.com\/web\/wp-json\/wp\/v2\/posts\/28219\/revisions\/28228"}],"wp:featuredmedia":[{"embeddable":true,"href":"https:\/\/bisbalpenedes.com\/web\/wp-json\/wp\/v2\/media\/28220"}],"wp:attachment":[{"href":"https:\/\/bisbalpenedes.com\/web\/wp-json\/wp\/v2\/media?parent=28219"}],"wp:term":[{"taxonomy":"category","embeddable":true,"href":"https:\/\/bisbalpenedes.com\/web\/wp-json\/wp\/v2\/categories?post=28219"},{"taxonomy":"post_tag","embeddable":true,"href":"https:\/\/bisbalpenedes.com\/web\/wp-json\/wp\/v2\/tags?post=28219"}],"curies":[{"name":"wp","href":"https:\/\/api.w.org\/{rel}","templated":true}]}}