{"id":28216,"date":"2023-11-20T12:48:22","date_gmt":"2023-11-20T10:48:22","guid":{"rendered":"https:\/\/bisbalpenedes.com\/web\/?p=28216"},"modified":"2023-11-20T12:48:22","modified_gmt":"2023-11-20T10:48:22","slug":"ahir-es-van-celebrar-diversos-concerts-a-lesglesia-i-es-va-presentar-el-calendari-domnium-baix-penedes-dedicat-a-la-bisbal-del-penedes","status":"publish","type":"post","link":"https:\/\/bisbalpenedes.com\/web\/2023\/11\/20\/ahir-es-van-celebrar-diversos-concerts-a-lesglesia-i-es-va-presentar-el-calendari-domnium-baix-penedes-dedicat-a-la-bisbal-del-penedes\/","title":{"rendered":"Ahir es van celebrar diversos concerts a l&#8217;esgl\u00e9sia i es va presentar el calendari d&#8217;\u00d2mnium Baix Pened\u00e8s dedicat a la Bisbal del Pened\u00e8s"},"content":{"rendered":"\n<p>Ahir diumenge a la tarda l&#8217;esgl\u00e9sia de Santa Maria de la Bisbal va acollir diversos concerts. En primer lloc, es va celebrar la V trobada de corals del Baix Pened\u00e8s, organitzada des d&#8217;\u00d2mnium Cultural del Baix Pened\u00e8s amb la col\u00b7laboraci\u00f3 de la Regidoria de Cultura. L&#8217;acte va comen\u00e7ar a les 17h i va comptar amb un concert de la Coral mixta de la Lira Vendrellenca i amb un concert de Prades Cor. Finalment, es va fer una cantada conjunta. A continuaci\u00f3, es va presentar el calendari 2024 d&#8217;\u00d2mnium Baix Pened\u00e8s, dedicat a la Bisbal del Pened\u00e8s: la portada \u00e9s obra del fot\u00f2graf bisbalenc Ra\u00fal Gallego; els textos mensuals hist\u00f2rics han anat a c\u00e0rrec del tamb\u00e9 bisbalenc Jordi Ferran Ventosa; i la presentaci\u00f3 \u00e9s de la presidenta d&#8217;\u00d2mnium Cultural al Baix Pened\u00e8s, Mireia Juanola. En acabar, es va fer un berenar a la planta baixa de la rectoria, gentilesa de l&#8217;Ajuntament de la Bisbal del Pened\u00e8s. Durant el berenar, els assistents van poder adquirir el calendari.<\/p>\n\n\n\n<p>A partir de les 19h, vam poder gaudir del concert de tardor de la Temporada musical a al Bisbal organitzat per l&#8217;Associaci\u00f3 de Cors Antistiana amb la col\u00b7laboraci\u00f3 de la Regidoria de Cultura: &#8220;Els valsos de Brahms i altres can\u00e7ons d&#8217;amor&#8221;. El directe, que va comptar amb peces de Johannes Brahms, Eduard Toldr\u00e0 o Frederic Mompou, entre altres, va anar a c\u00e0rrec de F\u00f2rum Vocal cor de cambra, sota la direcci\u00f3 de Xavier Sans i Fortuny, amb la soprano Ulrike Haller i amb la m\u00fasica de piano de Maria Mauri F\u00e0bregas i Jordi Armengol.<\/p>\n\n\n\n<hr class=\"wp-block-separator has-alpha-channel-opacity\"\/>\n\n\n\n<p><strong>CASTELLANO | <\/strong>Ayer domingo por la tarde la iglesia de Santa Maria de la Bisbal acogi\u00f3 varios conciertos. En primer lugar, se celebr\u00f3 el V encuentro de coros del Baix Pened\u00e8s, organizado desde \u00d2mnium Cultural del Baix Pened\u00e8s con la colaboraci\u00f3n de la Concejal\u00eda de Cultura. El acto empez\u00f3 a las 17h y cont\u00f3 con un concierto de la Coral mixta de la Lira Vendrellenca y con un concierto de Prades Cor. Finalmente, se hizo una cantata conjunta. A continuaci\u00f3n, se present\u00f3 el calendario 2024 de \u00d2mnium Baix Pened\u00e8s, dedicado a la Bisbal del Pened\u00e8s: la portada es obra del fot\u00f3grafo de la Bisbal Ra\u00fal Gallego; los textos mensuales hist\u00f3ricos han ido a cargo del tambi\u00e9n bisbalenc Jordi Ferran Ventosa; y la presentaci\u00f3n es de la presidenta de \u00d2mnium Cultural en el Baix Pened\u00e8s, Mireia Juanola. Al finalizar, se hizo una merienda en la planta baja de la rector\u00eda, gentileza del Ajuntament de la Bisbal del Pened\u00e8s. Durante la merienda, los asistentes pudieron adquirir el calendario.<\/p>\n\n\n\n<p>A partir de las 19h, pudimos disfrutar del concierto de oto\u00f1o de la Temporada musical en la Bisbal organizado por la Associaci\u00f3 de Cors Antistiana con la colaboraci\u00f3n de la Concejal\u00eda de Cultura: &#8220;Els valsos de Brahms i altres can\u00e7ons d&#8217;amor&#8221;. El directo, que cont\u00f3 con piezas de Johannes Brahms, Eduard Toldr\u00e0 o Frederic Mompou, entre otros, fue a cargo de F\u00f2rum Vocal cor de Cambra, bajo la direcci\u00f3n de Xavier Sans Fortuny, con la soprano Ulrike Haller y con la m\u00fasica de piano de Maria Mauri F\u00e0bregas y Jordi Armengol.<\/p>\n","protected":false},"excerpt":{"rendered":"<p>Ahir diumenge a la tarda l&#8217;esgl\u00e9sia de Santa Maria de la Bisbal va acollir diversos concerts. En primer lloc, es va celebrar la V trobada de corals del Baix Pened\u00e8s, &hellip; <a href=\"https:\/\/bisbalpenedes.com\/web\/2023\/11\/20\/ahir-es-van-celebrar-diversos-concerts-a-lesglesia-i-es-va-presentar-el-calendari-domnium-baix-penedes-dedicat-a-la-bisbal-del-penedes\/\" class=\"more-link\">Read More<\/a><\/p>\n","protected":false},"author":4,"featured_media":28217,"comment_status":"closed","ping_status":"closed","sticky":false,"template":"","format":"standard","meta":[],"categories":[13,20,8],"tags":[459,225,351,393,6342,4772],"_links":{"self":[{"href":"https:\/\/bisbalpenedes.com\/web\/wp-json\/wp\/v2\/posts\/28216"}],"collection":[{"href":"https:\/\/bisbalpenedes.com\/web\/wp-json\/wp\/v2\/posts"}],"about":[{"href":"https:\/\/bisbalpenedes.com\/web\/wp-json\/wp\/v2\/types\/post"}],"author":[{"embeddable":true,"href":"https:\/\/bisbalpenedes.com\/web\/wp-json\/wp\/v2\/users\/4"}],"replies":[{"embeddable":true,"href":"https:\/\/bisbalpenedes.com\/web\/wp-json\/wp\/v2\/comments?post=28216"}],"version-history":[{"count":1,"href":"https:\/\/bisbalpenedes.com\/web\/wp-json\/wp\/v2\/posts\/28216\/revisions"}],"predecessor-version":[{"id":28218,"href":"https:\/\/bisbalpenedes.com\/web\/wp-json\/wp\/v2\/posts\/28216\/revisions\/28218"}],"wp:featuredmedia":[{"embeddable":true,"href":"https:\/\/bisbalpenedes.com\/web\/wp-json\/wp\/v2\/media\/28217"}],"wp:attachment":[{"href":"https:\/\/bisbalpenedes.com\/web\/wp-json\/wp\/v2\/media?parent=28216"}],"wp:term":[{"taxonomy":"category","embeddable":true,"href":"https:\/\/bisbalpenedes.com\/web\/wp-json\/wp\/v2\/categories?post=28216"},{"taxonomy":"post_tag","embeddable":true,"href":"https:\/\/bisbalpenedes.com\/web\/wp-json\/wp\/v2\/tags?post=28216"}],"curies":[{"name":"wp","href":"https:\/\/api.w.org\/{rel}","templated":true}]}}