{"id":28204,"date":"2023-11-17T14:14:37","date_gmt":"2023-11-17T12:14:37","guid":{"rendered":"https:\/\/bisbalpenedes.com\/web\/?p=28204"},"modified":"2023-11-17T14:15:49","modified_gmt":"2023-11-17T12:15:49","slug":"lordre-del-dia-de-la-junta-de-govern-ordinaria-del-dilluns-13-de-novembre-contenia-un-punt-amb-competencia-del-ple-delegada-a-la-junta-de-govern","status":"publish","type":"post","link":"https:\/\/bisbalpenedes.com\/web\/2023\/11\/17\/lordre-del-dia-de-la-junta-de-govern-ordinaria-del-dilluns-13-de-novembre-contenia-un-punt-amb-competencia-del-ple-delegada-a-la-junta-de-govern\/","title":{"rendered":"LaJunta de Govern ordin\u00e0ria del dilluns 13 de novembre va aprovar un punt amb compet\u00e8ncia del Ple delegada a la Junta de Govern"},"content":{"rendered":"\n<p>El passat dilluns 13 de novembre es va celebrar una Junta de Govern ordin\u00e0ria i una de les propostes de l&#8217;ordre del dia era amb compet\u00e8ncia del Ple delegada a la Junta de Govern, segons l&#8217;acord plenari del 6 de juliol de 2023:<\/p>\n\n\n\n<ul><li>L&#8217;expedient 1193\/2022 Aprovaci\u00f3 de la data de l\u2019acta de recepci\u00f3 de les obres de la Fase 1 del poliesportiu municipal.<\/li><\/ul>\n\n\n\n<p>Les sessions de la Junta de Govern local no s\u00f3n p\u00fabliques, per\u00f2 quan actua amb compet\u00e8ncies delegades del ple la sessi\u00f3 se sotmet als mateixos requisits de publicitat que les sessions del ple, que s\u00f3n p\u00fabliques. Aix\u00ed ho va declarar la STS 161\/2013, de 26 de setembre. Per aquest motiu, les portes de la sala de plens es van obrir a les 10:15h perqu\u00e8 hi pogu\u00e9s assistir p\u00fablic. Tamb\u00e9 es va gravar aquest punt de l\u2019ordre del dia i, posteriorment, s&#8217;ha publicat per garantir la seva publicitat.&nbsp;Podeu veure el v\u00eddeo aqu\u00ed: <a href=\"https:\/\/actes.bisbalpenedes.com\/session\/sessionDetail\/8a8080848acca6ef018bcd2e5d80001a\">https:\/\/actes.bisbalpenedes.com\/session\/sessionDetail\/8a8080848acca6ef018bcd2e5d80001a<\/a><\/p>\n\n\n\n<hr class=\"wp-block-separator has-alpha-channel-opacity\"\/>\n\n\n\n<p><strong>CASTELLANO |&nbsp;<\/strong>El pasado lunes 13 de noviembre se celebr\u00f3 una Junta de Gobierno ordinaria y una de las propuestas del orden del d\u00eda era con competencia del Pelno delegada a la Junta de Gobierno, seg\u00fan el acuerdo plenario del 6 de julio de 2023:<\/p>\n\n\n\n<ul><li>El expediente 1193\/2022 Aprobaci\u00f3n de la fecha del acta de recepci\u00f3n de las obras de la Fase 1 del polideportivo municipal.&nbsp;<\/li><\/ul>\n\n\n\n<p>Las sesiones de la Junta de Gobierno local no son p\u00fablicas, pero cuando act\u00faa con competencias delegadas del pleno la sesi\u00f3n se somete a los mismos requisitos de publicidad que las sesiones del pleno, que son p\u00fablicas. As\u00ed lo declar\u00f3 la STS 161\/2013, de 26 de septiembre. Por este motivo, las puertas de la sala de plenos se abrieron a las 10:15h para que pudiese asistir p\u00fablico. Tambi\u00e9n se grab\u00f3 este punto del orden del d\u00eda y, posteriormente, ha sido publicado para garantizar su publicidad. Pod\u00e9is ver el v\u00eddeo aqu\u00ed: <a href=\"https:\/\/actes.bisbalpenedes.com\/session\/sessionDetail\/8a8080848acca6ef018bcd2e5d80001a\">https:\/\/actes.bisbalpenedes.com\/session\/sessionDetail\/8a8080848acca6ef018bcd2e5d80001a<\/a><\/p>\n","protected":false},"excerpt":{"rendered":"<p>El passat dilluns 13 de novembre es va celebrar una Junta de Govern ordin\u00e0ria i una de les propostes de l&#8217;ordre del dia era amb compet\u00e8ncia del Ple delegada a &hellip; <a href=\"https:\/\/bisbalpenedes.com\/web\/2023\/11\/17\/lordre-del-dia-de-la-junta-de-govern-ordinaria-del-dilluns-13-de-novembre-contenia-un-punt-amb-competencia-del-ple-delegada-a-la-junta-de-govern\/\" class=\"more-link\">Read More<\/a><\/p>\n","protected":false},"author":4,"featured_media":28205,"comment_status":"closed","ping_status":"closed","sticky":false,"template":"","format":"standard","meta":[],"categories":[19,3085,8,15],"tags":[459,686,393,1374,483],"_links":{"self":[{"href":"https:\/\/bisbalpenedes.com\/web\/wp-json\/wp\/v2\/posts\/28204"}],"collection":[{"href":"https:\/\/bisbalpenedes.com\/web\/wp-json\/wp\/v2\/posts"}],"about":[{"href":"https:\/\/bisbalpenedes.com\/web\/wp-json\/wp\/v2\/types\/post"}],"author":[{"embeddable":true,"href":"https:\/\/bisbalpenedes.com\/web\/wp-json\/wp\/v2\/users\/4"}],"replies":[{"embeddable":true,"href":"https:\/\/bisbalpenedes.com\/web\/wp-json\/wp\/v2\/comments?post=28204"}],"version-history":[{"count":2,"href":"https:\/\/bisbalpenedes.com\/web\/wp-json\/wp\/v2\/posts\/28204\/revisions"}],"predecessor-version":[{"id":28207,"href":"https:\/\/bisbalpenedes.com\/web\/wp-json\/wp\/v2\/posts\/28204\/revisions\/28207"}],"wp:featuredmedia":[{"embeddable":true,"href":"https:\/\/bisbalpenedes.com\/web\/wp-json\/wp\/v2\/media\/28205"}],"wp:attachment":[{"href":"https:\/\/bisbalpenedes.com\/web\/wp-json\/wp\/v2\/media?parent=28204"}],"wp:term":[{"taxonomy":"category","embeddable":true,"href":"https:\/\/bisbalpenedes.com\/web\/wp-json\/wp\/v2\/categories?post=28204"},{"taxonomy":"post_tag","embeddable":true,"href":"https:\/\/bisbalpenedes.com\/web\/wp-json\/wp\/v2\/tags?post=28204"}],"curies":[{"name":"wp","href":"https:\/\/api.w.org\/{rel}","templated":true}]}}