{"id":28195,"date":"2023-11-17T13:04:24","date_gmt":"2023-11-17T11:04:24","guid":{"rendered":"https:\/\/bisbalpenedes.com\/web\/?p=28195"},"modified":"2023-11-18T11:24:29","modified_gmt":"2023-11-18T09:24:29","slug":"agenda-actes-amb-motiu-del-25n-dia-internacional-contra-la-violencia-vers-les-dones","status":"publish","type":"post","link":"https:\/\/bisbalpenedes.com\/web\/2023\/11\/17\/agenda-actes-amb-motiu-del-25n-dia-internacional-contra-la-violencia-vers-les-dones\/","title":{"rendered":"Agenda &#8211; Actes amb motiu del 25N: Dia internacional contra la viol\u00e8ncia vers les dones"},"content":{"rendered":"\n<p>El 25 de novembre \u00e9s el Dia internacional contra la viol\u00e8ncia vers les dones.<br><br>A les 11:30h es far\u00e0 una sortida, des del local de l&#8217;Associaci\u00f3 de Dones La Roca Foradada, per anar fins al dip\u00f2sit del carrer Zamora del Priorat, caminant, i veure l&#8217;obra de pintura de l&#8217;artista Jordi Romeu.<br><br>Tot seguit, es far\u00e0 la lectura del manifest i gaudirem del recital literari-musical de M\u00f2nica Farr\u00f3 i Laia Batlle &#8220;Les dones no saben escriure&#8221;.<br><br>Per finalitzar, compartirem una estona esmorzant coca i xocolata amb La Roca Foradada . Associaci\u00f3 de Dones de la Bisbal del Penedes.<br><br>Els actes s\u00f3n oberts a tothom.<\/p>\n\n\n\n<hr class=\"wp-block-separator has-alpha-channel-opacity\"\/>\n\n\n\n<p><strong>CASTELLANO&nbsp;<\/strong><strong>|<\/strong> El 25 de noviembre es el D\u00eda internacional contra la violencia hacia las mujeres.<br><br>A las 11:30h se har\u00e1 una salida, desde el local de la Associaci\u00f3 de Dones La Roca Forada, para ir hasta el dep\u00f3sito de la calle Zamora del Priorat, andando, y ver la obra de pintura del artista Jordi Romeu.<br><br>A continuaci\u00f3n, se har\u00e1 la lectura del manifiesto y disfrutaremos del recital literario-musical de M\u00f2nica Farr\u00f3 y Laia Batlle &#8220;Les dones no saben escriure&#8221;.<br><br>Para acabar, compartiremos un rato almorzando coca y chocolate con La Roca Foradada . Associaci\u00f3 de Dones de la Bisbal del Penedes.<br><br>Los actos son abiertos a todo el mundo.<br><\/p>\n","protected":false},"excerpt":{"rendered":"<p>El 25 de novembre \u00e9s el Dia internacional contra la viol\u00e8ncia vers les dones. A les 11:30h es far\u00e0 una sortida, des del local de l&#8217;Associaci\u00f3 de Dones La Roca &hellip; <a href=\"https:\/\/bisbalpenedes.com\/web\/2023\/11\/17\/agenda-actes-amb-motiu-del-25n-dia-internacional-contra-la-violencia-vers-les-dones\/\" class=\"more-link\">Read More<\/a><\/p>\n","protected":false},"author":4,"featured_media":28208,"comment_status":"closed","ping_status":"closed","sticky":false,"template":"","format":"standard","meta":[],"categories":[20,6120,8],"tags":[649,1624,6306,3445,4914,393,4345,6335,6334],"_links":{"self":[{"href":"https:\/\/bisbalpenedes.com\/web\/wp-json\/wp\/v2\/posts\/28195"}],"collection":[{"href":"https:\/\/bisbalpenedes.com\/web\/wp-json\/wp\/v2\/posts"}],"about":[{"href":"https:\/\/bisbalpenedes.com\/web\/wp-json\/wp\/v2\/types\/post"}],"author":[{"embeddable":true,"href":"https:\/\/bisbalpenedes.com\/web\/wp-json\/wp\/v2\/users\/4"}],"replies":[{"embeddable":true,"href":"https:\/\/bisbalpenedes.com\/web\/wp-json\/wp\/v2\/comments?post=28195"}],"version-history":[{"count":2,"href":"https:\/\/bisbalpenedes.com\/web\/wp-json\/wp\/v2\/posts\/28195\/revisions"}],"predecessor-version":[{"id":28209,"href":"https:\/\/bisbalpenedes.com\/web\/wp-json\/wp\/v2\/posts\/28195\/revisions\/28209"}],"wp:featuredmedia":[{"embeddable":true,"href":"https:\/\/bisbalpenedes.com\/web\/wp-json\/wp\/v2\/media\/28208"}],"wp:attachment":[{"href":"https:\/\/bisbalpenedes.com\/web\/wp-json\/wp\/v2\/media?parent=28195"}],"wp:term":[{"taxonomy":"category","embeddable":true,"href":"https:\/\/bisbalpenedes.com\/web\/wp-json\/wp\/v2\/categories?post=28195"},{"taxonomy":"post_tag","embeddable":true,"href":"https:\/\/bisbalpenedes.com\/web\/wp-json\/wp\/v2\/tags?post=28195"}],"curies":[{"name":"wp","href":"https:\/\/api.w.org\/{rel}","templated":true}]}}