{"id":28191,"date":"2023-11-17T09:26:25","date_gmt":"2023-11-17T07:26:25","guid":{"rendered":"https:\/\/bisbalpenedes.com\/web\/?p=28191"},"modified":"2023-11-17T09:29:57","modified_gmt":"2023-11-17T07:29:57","slug":"avui-divendres-se-celebrara-una-junta-de-govern-extraordinaria-i-urgent-amb-competencies-delegades-del-ple","status":"publish","type":"post","link":"https:\/\/bisbalpenedes.com\/web\/2023\/11\/17\/avui-divendres-se-celebrara-una-junta-de-govern-extraordinaria-i-urgent-amb-competencies-delegades-del-ple\/","title":{"rendered":"Avui divendres se celebrar\u00e0 una Junta de Govern extraordin\u00e0ria i urgent amb compet\u00e8ncies delegades del Ple"},"content":{"rendered":"\n<p>Aquest dijous s\u2019ha convocat una Junta de Govern extraordin\u00e0ria i urgent per avui divendres 17 de novembre. El motiu de la urg\u00e8ncia \u00e9s no demorar les obres de millora d\u2019infraestructures de la Riba i les obres de continuaci\u00f3 de la fassina. Els dos punts de la Junta de Govern s\u00f3n de compet\u00e8ncia del Ple delegada a la Junta, segons acord plenari del 6 de juliol de 2023. S\u00f3n els seg\u00fcents:<\/p>\n\n\n\n<ul><li>L\u2019expedient 2329\/2023 Modificaci\u00f3 del projecte de consolidaci\u00f3 i reforma de la fassina, pel refor\u00e7 de la torre de la fassina<\/li><\/ul>\n\n\n\n<ul><li>L\u2019expedient 2535\/2023 Modificaci\u00f3 del contracte de millora de les infraestructures del barri de la Riba per a la instal\u00b7laci\u00f3 d\u2019un provisional d\u2019obres de la xarxa d\u2019aigua per als habitatges, l\u2019execuci\u00f3 de cates i la modificaci\u00f3 de la vorada per una vorada remuntable<\/li><\/ul>\n\n\n\n<p>Les sessions de la Junta de Govern Local no s\u00f3n p\u00fabliques, per\u00f2 quan actua amb compet\u00e8ncies delegades del Ple, la sessi\u00f3 se sotmet als mateixos requisits de publicitat que les sessions del Ple, que s\u00f3n p\u00fabliques. Aix\u00ed ho va declarar la STS 161\/2013, de 26 de setembre.&nbsp;<\/p>\n\n\n\n<p>S\u2019obriran les portes de la sala de plens a les 13h per tal que hi pugui assistir p\u00fablic. Tamb\u00e9 es gravaran aquests dos punts de l\u2019ordre del dia i, posteriorment, es publicar\u00e0 el v\u00eddeo per garantir la seva publicitat.<\/p>\n\n\n\n<hr class=\"wp-block-separator has-alpha-channel-opacity\"\/>\n\n\n\n<p><strong>CASTELLANO |<\/strong>&nbsp;Este jueves se ha convocado una Junta de Gobierno extraordinaria y urgente para hoy viernes 17 de noviembre. El motivo de la urgencia es no demorar las obras de mejora de infraestructuras de la Riba y las obras de continuaci\u00f3n de la fassina. Los dos puntos de la Junta de Gobierno son de competencia del Pleno delegada a la Junta, seg\u00fan acuerdo plenario del 6 de julio de 2023. Son los siguientes:<\/p>\n\n\n\n<ul><li>El expediente 2329\/2023 Modificaci\u00f3n del proyecto de consolidaci\u00f3n y reforma de la fassina, por refuerzo de la torre de la fassina<\/li><\/ul>\n\n\n\n<ul><li>El expediente 2535\/2023 Modificaci\u00f3n del contrato de mejora de las infraestructuras del barrio de la Riba para la instalaci\u00f3n de un provisional de obras de la red de agua para las viviendas, la ejecuci\u00f3n de catas y la modificaci\u00f3n del bordillo por un bordillo remontable<\/li><\/ul>\n\n\n\n<p>Las sesiones de la Junta de Gobierno Local no son p\u00fablicas, pero cuando act\u00faa con competencias delegadas del Pleno, la sesi\u00f3n se somete a los mismos requisitos de publicidad que las sesiones del Pleno, que son p\u00fablicas. As\u00ed lo declar\u00f3 la STS 161\/2013, de 26 de septiembre.<\/p>\n\n\n\n<p>Se abrir\u00e1n las puertas de la sala de plenos a las 13h con tal que pueda asistir p\u00fablico. Tambi\u00e9n se grabar\u00e1n estos dos puntos del orden del d\u00eda y, posteriormente, se publicar\u00e1 el v\u00eddeo para garantizar su publicidad.<\/p>\n","protected":false},"excerpt":{"rendered":"<p>Aquest dijous s\u2019ha convocat una Junta de Govern extraordin\u00e0ria i urgent per avui divendres 17 de novembre. El motiu de la urg\u00e8ncia \u00e9s no demorar les obres de millora d\u2019infraestructures &hellip; <a href=\"https:\/\/bisbalpenedes.com\/web\/2023\/11\/17\/avui-divendres-se-celebrara-una-junta-de-govern-extraordinaria-i-urgent-amb-competencies-delegades-del-ple\/\" class=\"more-link\">Read More<\/a><\/p>\n","protected":false},"author":4,"featured_media":28192,"comment_status":"closed","ping_status":"closed","sticky":false,"template":"","format":"standard","meta":[],"categories":[3085,8,2250],"tags":[4175,2317,686,393,6333],"_links":{"self":[{"href":"https:\/\/bisbalpenedes.com\/web\/wp-json\/wp\/v2\/posts\/28191"}],"collection":[{"href":"https:\/\/bisbalpenedes.com\/web\/wp-json\/wp\/v2\/posts"}],"about":[{"href":"https:\/\/bisbalpenedes.com\/web\/wp-json\/wp\/v2\/types\/post"}],"author":[{"embeddable":true,"href":"https:\/\/bisbalpenedes.com\/web\/wp-json\/wp\/v2\/users\/4"}],"replies":[{"embeddable":true,"href":"https:\/\/bisbalpenedes.com\/web\/wp-json\/wp\/v2\/comments?post=28191"}],"version-history":[{"count":1,"href":"https:\/\/bisbalpenedes.com\/web\/wp-json\/wp\/v2\/posts\/28191\/revisions"}],"predecessor-version":[{"id":28193,"href":"https:\/\/bisbalpenedes.com\/web\/wp-json\/wp\/v2\/posts\/28191\/revisions\/28193"}],"wp:featuredmedia":[{"embeddable":true,"href":"https:\/\/bisbalpenedes.com\/web\/wp-json\/wp\/v2\/media\/28192"}],"wp:attachment":[{"href":"https:\/\/bisbalpenedes.com\/web\/wp-json\/wp\/v2\/media?parent=28191"}],"wp:term":[{"taxonomy":"category","embeddable":true,"href":"https:\/\/bisbalpenedes.com\/web\/wp-json\/wp\/v2\/categories?post=28191"},{"taxonomy":"post_tag","embeddable":true,"href":"https:\/\/bisbalpenedes.com\/web\/wp-json\/wp\/v2\/tags?post=28191"}],"curies":[{"name":"wp","href":"https:\/\/api.w.org\/{rel}","templated":true}]}}