{"id":28186,"date":"2023-11-15T12:20:45","date_gmt":"2023-11-15T10:20:45","guid":{"rendered":"https:\/\/bisbalpenedes.com\/web\/?p=28186"},"modified":"2023-11-15T12:20:45","modified_gmt":"2023-11-15T10:20:45","slug":"el-regidor-de-sanitat-sha-reunit-amb-la-nova-delegacio-de-lassociacio-catalana-per-al-parkinson-al-baix-penedes","status":"publish","type":"post","link":"https:\/\/bisbalpenedes.com\/web\/2023\/11\/15\/el-regidor-de-sanitat-sha-reunit-amb-la-nova-delegacio-de-lassociacio-catalana-per-al-parkinson-al-baix-penedes\/","title":{"rendered":"El regidor de Sanitat s&#8217;ha reunit amb la nova delegaci\u00f3 de l&#8217;Associaci\u00f3 Catalana per al Parkinson al Baix Pened\u00e8s"},"content":{"rendered":"\n<p>El regidor de Sanitat, Feliu Gil, es va reunir ahir dimarts amb la Montse Rafecas i la Nati Soler, membres de la delegaci\u00f3 al Baix Pened\u00e8s de l\u2019Associaci\u00f3 Catalana per al Parkinson.<\/p>\n\n\n\n<p>Com sabeu, el Parkinson \u00e9s una malaltia neurodegenerativa que afecta el sistema nervi\u00f3s central de les persones, generant -sobretot- alteracions del moviment als afectats, la qual cosa provoca que pateixin mancances greus en l\u2019autonomia i, en molts casos, aquestes persones requereixen ter\u00e0pies de suport. Al Baix Pened\u00e8s es calcula que hi ha entre 150 i 250 persones diagnosticades d\u2019aquesta malaltia i, diverses fam\u00edlies amb persones afectades han pres la iniciativa -amb el suport de l\u2019equip de neurologia de l\u2019Hospital del Vendrell i de l\u2019Associaci\u00f3 Catalana per al Parkinson &#8211; ACAP- de crear una delegaci\u00f3 de l\u2019ACAP al Baix Pened\u00e8s per poder oferir a la comarca serveis terap\u00e8utics i evitar aix\u00ed haver de fer tants despla\u00e7aments a centres hospitalaris o de ter\u00e0pies d\u2019altres ciutats, com ara Barcelona.<\/p>\n\n\n\n<p>Els serveis que s\u2019ofereixen als socis s\u00f3n: logop\u00e8dia, fisioter\u00e0pia, marxa n\u00f2rdica, serveis de taxi i serveis d\u2019estimulaci\u00f3 cognitiva.<\/p>\n\n\n\n<p>Si voleu contactar amb l\u2019entitat o associar-vos, podeu contactar amb el seu compte d\u2019Instagram <a href=\"https:\/\/www.instagram.com\/parkinsonbaixpenedes\" target=\"_blank\" rel=\"noreferrer noopener\">@parkinsonbaixpenedes,<\/a> per correu electr\u00f2nic escrivint a parkinsonbaixpenedes@gmail.com o per tel\u00e8fon, trucant 636 05 24 74.<\/p>\n\n\n\n<hr class=\"wp-block-separator has-alpha-channel-opacity\"\/>\n\n\n\n<p><strong>CASTELLANO | <\/strong>El concejal de Sanidad, Feliu Gil, se reuni\u00f3 ayer martes con Montse Rafecas y Nati Soler, miembros de la delegaci\u00f3n en el Baix Pened\u00e8s de la Associaci\u00f3 Catalana per al Parkinson.<\/p>\n\n\n\n<p>Como sab\u00e9is, el Parkinson es una enfermedad neurodegenerativa que afecta al sistema nervioso central de las personas, generando -sobre todo- alteraciones del movimiento a los afectados, la cual cosa provoca que sufran problemas graves de autonom\u00eda y, en muchos casos, estas personas requieren terapias de apoyo. En el Baix Pened\u00e8s se calcula que hay entre 150 y 250 personas diagnosticadas de esta enfermedad y, varias familias con personas afectadas han tomado la iniciativa -con el apoyo del equipo de neurolog\u00eda del Hospital de El Vendrell y de la Associaci\u00f3 Catalana per al Parkinson &#8211; ACAP- de crear una delegaci\u00f3n de la ACAP en el Baix Pened\u00e8s para poder ofrecer en la comarca servicios terap\u00e9uticos y evitar as\u00ed tener que hacer tantos desplazamientos a centros hospitalarios o de terapias a otras ciudades, como por ejemplo Barcelona.<\/p>\n\n\n\n<p>Los servicios que se ofrecen a los socios son: logopedia, fisioterapia, marcha n\u00f3rdica, servicios de taxi y servicios de estimulaci\u00f3n cognitiva.<\/p>\n\n\n\n<p>Si quer\u00e9is contactar con la entidad o asociaros, pod\u00e9is contactar con su cuenta de Instagram <a rel=\"noreferrer noopener\" href=\"https:\/\/www.instagram.com\/parkinsonbaixpenedes\" target=\"_blank\">@parkinsonbaixpenedes<\/a>, por correo electr\u00f3nico escribiendo a parkinsonbaixpenedes@gmail.com o por tel\u00e9fono, llamando al 636 05 24 74.<\/p>\n\n\n\n<p><\/p>\n","protected":false},"excerpt":{"rendered":"<p>El regidor de Sanitat, Feliu Gil, es va reunir ahir dimarts amb la Montse Rafecas i la Nati Soler, membres de la delegaci\u00f3 al Baix Pened\u00e8s de l\u2019Associaci\u00f3 Catalana per &hellip; <a href=\"https:\/\/bisbalpenedes.com\/web\/2023\/11\/15\/el-regidor-de-sanitat-sha-reunit-amb-la-nova-delegacio-de-lassociacio-catalana-per-al-parkinson-al-baix-penedes\/\" class=\"more-link\">Read More<\/a><\/p>\n","protected":false},"author":4,"featured_media":28187,"comment_status":"closed","ping_status":"closed","sticky":false,"template":"","format":"standard","meta":[],"categories":[8,14],"tags":[6331,459,6332,393,6330,1374],"_links":{"self":[{"href":"https:\/\/bisbalpenedes.com\/web\/wp-json\/wp\/v2\/posts\/28186"}],"collection":[{"href":"https:\/\/bisbalpenedes.com\/web\/wp-json\/wp\/v2\/posts"}],"about":[{"href":"https:\/\/bisbalpenedes.com\/web\/wp-json\/wp\/v2\/types\/post"}],"author":[{"embeddable":true,"href":"https:\/\/bisbalpenedes.com\/web\/wp-json\/wp\/v2\/users\/4"}],"replies":[{"embeddable":true,"href":"https:\/\/bisbalpenedes.com\/web\/wp-json\/wp\/v2\/comments?post=28186"}],"version-history":[{"count":1,"href":"https:\/\/bisbalpenedes.com\/web\/wp-json\/wp\/v2\/posts\/28186\/revisions"}],"predecessor-version":[{"id":28188,"href":"https:\/\/bisbalpenedes.com\/web\/wp-json\/wp\/v2\/posts\/28186\/revisions\/28188"}],"wp:featuredmedia":[{"embeddable":true,"href":"https:\/\/bisbalpenedes.com\/web\/wp-json\/wp\/v2\/media\/28187"}],"wp:attachment":[{"href":"https:\/\/bisbalpenedes.com\/web\/wp-json\/wp\/v2\/media?parent=28186"}],"wp:term":[{"taxonomy":"category","embeddable":true,"href":"https:\/\/bisbalpenedes.com\/web\/wp-json\/wp\/v2\/categories?post=28186"},{"taxonomy":"post_tag","embeddable":true,"href":"https:\/\/bisbalpenedes.com\/web\/wp-json\/wp\/v2\/tags?post=28186"}],"curies":[{"name":"wp","href":"https:\/\/api.w.org\/{rel}","templated":true}]}}