{"id":28181,"date":"2023-11-15T11:19:45","date_gmt":"2023-11-15T09:19:45","guid":{"rendered":"https:\/\/bisbalpenedes.com\/web\/?p=28181"},"modified":"2023-11-15T11:19:46","modified_gmt":"2023-11-15T09:19:46","slug":"video-integre-de-la-reunio-informativa-sobre-la-proposta-del-parc-empresarial-les-planes-del-vent","status":"publish","type":"post","link":"https:\/\/bisbalpenedes.com\/web\/2023\/11\/15\/video-integre-de-la-reunio-informativa-sobre-la-proposta-del-parc-empresarial-les-planes-del-vent\/","title":{"rendered":"V\u00eddeo \u00edntegre de la reuni\u00f3 informativa sobre la proposta del parc empresarial &#8220;Les Planes del Vent&#8221;"},"content":{"rendered":"\n<p>El passat divendres, la Societat va acollir una reuni\u00f3 adre\u00e7ada als bisbalencs i les bisbalenques per informar-vos sobre la proposta de parc empresarial \u201cLes Planes del Vent\u201d que una empresa privada ha fet arribar a l\u2019Ajuntament de la Bisbal del Pened\u00e8s.<\/p>\n\n\n\n<p>Hem publicat el v\u00eddeo \u00edntegre de l&#8217;acte.<\/p>\n\n\n\n<hr class=\"wp-block-separator has-alpha-channel-opacity\"\/>\n\n\n\n<p><strong>CASTELLANO |<\/strong> El viernes pasado, la Societat acogi\u00f3 una reuni\u00f3n dirigida a los bisbalencs y las bisbalenques, para informaros sobre la propuesta de parque empresarial &#8220;Les Planes del Vent&#8221; que una empresa privada ha hecho llegar al Ajuntament de la Bisbal del Pened\u00e8s.<\/p>\n\n\n\n<p>Hemos publicado el v\u00eddeo \u00edntegro del acto.<\/p>\n\n\n\n<figure class=\"wp-block-embed is-type-video is-provider-youtube wp-block-embed-youtube wp-embed-aspect-16-9 wp-has-aspect-ratio\"><div class=\"wp-block-embed__wrapper\">\n<iframe loading=\"lazy\" title=\"Reuni\u00f3 informativa sobre el projecte de parc empresarial &quot;Les Planes Baixes&quot;\" width=\"1170\" height=\"658\" src=\"https:\/\/www.youtube.com\/embed\/1OR7ZuupJ40?feature=oembed\" frameborder=\"0\" allow=\"accelerometer; autoplay; clipboard-write; encrypted-media; gyroscope; picture-in-picture; web-share\" allowfullscreen><\/iframe>\n<\/div><\/figure>\n","protected":false},"excerpt":{"rendered":"<p>El passat divendres, la Societat va acollir una reuni\u00f3 adre\u00e7ada als bisbalencs i les bisbalenques per informar-vos sobre la proposta de parc empresarial \u201cLes Planes del Vent\u201d que una empresa &hellip; <a href=\"https:\/\/bisbalpenedes.com\/web\/2023\/11\/15\/video-integre-de-la-reunio-informativa-sobre-la-proposta-del-parc-empresarial-les-planes-del-vent\/\" class=\"more-link\">Read More<\/a><\/p>\n","protected":false},"author":4,"featured_media":28183,"comment_status":"closed","ping_status":"closed","sticky":false,"template":"","format":"standard","meta":[],"categories":[2377,8],"tags":[],"_links":{"self":[{"href":"https:\/\/bisbalpenedes.com\/web\/wp-json\/wp\/v2\/posts\/28181"}],"collection":[{"href":"https:\/\/bisbalpenedes.com\/web\/wp-json\/wp\/v2\/posts"}],"about":[{"href":"https:\/\/bisbalpenedes.com\/web\/wp-json\/wp\/v2\/types\/post"}],"author":[{"embeddable":true,"href":"https:\/\/bisbalpenedes.com\/web\/wp-json\/wp\/v2\/users\/4"}],"replies":[{"embeddable":true,"href":"https:\/\/bisbalpenedes.com\/web\/wp-json\/wp\/v2\/comments?post=28181"}],"version-history":[{"count":1,"href":"https:\/\/bisbalpenedes.com\/web\/wp-json\/wp\/v2\/posts\/28181\/revisions"}],"predecessor-version":[{"id":28184,"href":"https:\/\/bisbalpenedes.com\/web\/wp-json\/wp\/v2\/posts\/28181\/revisions\/28184"}],"wp:featuredmedia":[{"embeddable":true,"href":"https:\/\/bisbalpenedes.com\/web\/wp-json\/wp\/v2\/media\/28183"}],"wp:attachment":[{"href":"https:\/\/bisbalpenedes.com\/web\/wp-json\/wp\/v2\/media?parent=28181"}],"wp:term":[{"taxonomy":"category","embeddable":true,"href":"https:\/\/bisbalpenedes.com\/web\/wp-json\/wp\/v2\/categories?post=28181"},{"taxonomy":"post_tag","embeddable":true,"href":"https:\/\/bisbalpenedes.com\/web\/wp-json\/wp\/v2\/tags?post=28181"}],"curies":[{"name":"wp","href":"https:\/\/api.w.org\/{rel}","templated":true}]}}