{"id":28163,"date":"2023-11-14T11:00:16","date_gmt":"2023-11-14T09:00:16","guid":{"rendered":"https:\/\/bisbalpenedes.com\/web\/?p=28163"},"modified":"2023-11-14T11:03:24","modified_gmt":"2023-11-14T09:03:24","slug":"el-president-del-consell-comarcal-del-baix-penedes-es-reuneix-amb-lalcaldessa-de-la-bisbal-del-penedes%ef%bf%bc","status":"publish","type":"post","link":"https:\/\/bisbalpenedes.com\/web\/2023\/11\/14\/el-president-del-consell-comarcal-del-baix-penedes-es-reuneix-amb-lalcaldessa-de-la-bisbal-del-penedes%ef%bf%bc\/","title":{"rendered":"El President del Consell Comarcal del Baix Pened\u00e8s es reuneix amb l\u2019alcaldessa de La Bisbal del Pened\u00e8s &#8211; Ramon Ferr\u00e9 veu de forma positiva la proposta del parc empresarial \u201cLes Planes del Vent\u201d"},"content":{"rendered":"\n<p>El president del Consell Comarcal del Baix Pened\u00e8s i alcalde de Calafell, Ramon Ferr\u00e9, es va reunir amb l\u2019alcaldessa de la Bisbal del Pened\u00e8s, Agn\u00e8s Ferr\u00e9, el passat divendres.<\/p>\n\n\n\n<p>Ramon Ferr\u00e9 ha estat elegit president del Consell Comarcal recentment i ha iniciat una ronda de contactes amb tots els alcaldes de la comarca amb l\u2019objectiu de con\u00e8ixer quines s\u00f3n les prioritats i preocupacions de cada municipi, valorar qu\u00e8 hi pot fer el Consell Comarcal del Baix Pened\u00e8s i preparar el full de ruta per a la convocat\u00f2ria de la Taula pel Baix Pened\u00e8s.<\/p>\n\n\n\n<p>Durant la trobada, s\u2019ha parlat de la problem\u00e0tica de les okupacions a tota la comarca, de la mobilitat comarcal i de la necessitat d\u2019incrementar les dotacions de Mossos d\u2019Esquadra i bombers al Baix Pened\u00e8s. En l\u2019\u00e0mbit local, l\u2019alcaldessa li ha explicat al president del Consell Comarcal del Baix Pened\u00e8s que <em>\u201cun dels projectes en qu\u00e8 es vol treballar \u00e9s en un nou centre de formaci\u00f3 professional dual i de formaci\u00f3 ocupacional que ofereixi formaci\u00f3 a demanda per a empreses, amb l\u2019objectiu de cobrir llocs de treball\u201d.<\/em> De fet, l\u2019alcaldessa li va avan\u00e7ar alguns detalls sobre el parc empresarial \u201cLes Planes del Vent\u201d, que a la tarda es va presentar a la Societat en un acte adre\u00e7at a tota la ciutadania.<\/p>\n\n\n\n<p>El president del Consell Comarcal del Baix Pened\u00e8s, Ramon Ferr\u00e9, veu de forma positiva la proposta de \u201cLes Planes del Vent\u201d, ja que aix\u00f2 suposar\u00e0 un impuls econ\u00f2mic, laboral i formatiu per al municipi i per a la comarca.<\/p>\n\n\n\n<hr class=\"wp-block-separator has-alpha-channel-opacity\"\/>\n\n\n\n<p>El presidente del Consell Comarcal del Baix Pened\u00e8s y alcalde de Calafell, Ramon Ferr\u00e9, se reuni\u00f3 con la alcaldesa de la Bisbal del Pened\u00e8s, Agn\u00e8s Ferr\u00e9, el pasado viernes.<\/p>\n\n\n\n<p>Ramon Ferr\u00e9 ha sido elegido presidente del Consell Comarcal recientemente y ha iniciado una ronda de contactos con todos los alcaldes de la comarca con el objetivo de conocer cu\u00e1les son las prioridades y preocupaciones de cada municipio, valorar qu\u00e9 puede hacer el Consell Comarcal del Baix Pened\u00e8s y preparar la hoja de ruta para la convocatoria de la \u2018Taula pel Baix Pened\u00e8s\u2019.<\/p>\n\n\n\n<p>Durante la reuni\u00f3n, se ha hablado de la problem\u00e1tica de las okupaciones en toda la comarca, de la movilidad comarcal y de la necesidad de incrementar las dotaciones de Mossos d\u2019Esquadra y bomberos en el Baix Pened\u00e8s. En el \u00e1mbito local, la alcaldesa le ha explicado al presidente del Consell Comarcal del Baix Pened\u00e8s que <em>\u201cuno de los proyectos en el que se quiere trabajar es en un nuevo centro de formaci\u00f3n profesional dual y de formaci\u00f3n ocupacional que ofrezca formaci\u00f3n a demanda para empresas, con el objetivo de cubrir puestos de trabajo\u201d. <\/em>De hecho, la alcaldesa le adelant\u00f3 algunos detalles sobre el parque empresarial \u201cLes Planes del Vent\u201d, que por la tarde se present\u00f3 en la Societat en un acto dirigido a toda la ciudadan\u00eda.<\/p>\n\n\n\n<p>El presidente del Consell Comarcal del Baix Pened\u00e8s, Ramon Ferr\u00e9, ve de forma positiva la propuesta de \u201cLes Planes del Vent\u201d, ya que esto supondr\u00e1 un impulso econ\u00f3mico, laboral y formativo para el municipio y para la comarca.<\/p>\n","protected":false},"excerpt":{"rendered":"<p>El president del Consell Comarcal del Baix Pened\u00e8s i alcalde de Calafell, Ramon Ferr\u00e9, es va reunir amb l\u2019alcaldessa de la Bisbal del Pened\u00e8s, Agn\u00e8s Ferr\u00e9, el passat divendres. Ramon &hellip; <a href=\"https:\/\/bisbalpenedes.com\/web\/2023\/11\/14\/el-president-del-consell-comarcal-del-baix-penedes-es-reuneix-amb-lalcaldessa-de-la-bisbal-del-penedes%ef%bf%bc\/\" class=\"more-link\">Read More<\/a><\/p>\n","protected":false},"author":4,"featured_media":28164,"comment_status":"closed","ping_status":"closed","sticky":false,"template":"","format":"standard","meta":[],"categories":[2057,2983,3137,8],"tags":[1151,459,1056,393,6311,1374,6327],"_links":{"self":[{"href":"https:\/\/bisbalpenedes.com\/web\/wp-json\/wp\/v2\/posts\/28163"}],"collection":[{"href":"https:\/\/bisbalpenedes.com\/web\/wp-json\/wp\/v2\/posts"}],"about":[{"href":"https:\/\/bisbalpenedes.com\/web\/wp-json\/wp\/v2\/types\/post"}],"author":[{"embeddable":true,"href":"https:\/\/bisbalpenedes.com\/web\/wp-json\/wp\/v2\/users\/4"}],"replies":[{"embeddable":true,"href":"https:\/\/bisbalpenedes.com\/web\/wp-json\/wp\/v2\/comments?post=28163"}],"version-history":[{"count":2,"href":"https:\/\/bisbalpenedes.com\/web\/wp-json\/wp\/v2\/posts\/28163\/revisions"}],"predecessor-version":[{"id":28166,"href":"https:\/\/bisbalpenedes.com\/web\/wp-json\/wp\/v2\/posts\/28163\/revisions\/28166"}],"wp:featuredmedia":[{"embeddable":true,"href":"https:\/\/bisbalpenedes.com\/web\/wp-json\/wp\/v2\/media\/28164"}],"wp:attachment":[{"href":"https:\/\/bisbalpenedes.com\/web\/wp-json\/wp\/v2\/media?parent=28163"}],"wp:term":[{"taxonomy":"category","embeddable":true,"href":"https:\/\/bisbalpenedes.com\/web\/wp-json\/wp\/v2\/categories?post=28163"},{"taxonomy":"post_tag","embeddable":true,"href":"https:\/\/bisbalpenedes.com\/web\/wp-json\/wp\/v2\/tags?post=28163"}],"curies":[{"name":"wp","href":"https:\/\/api.w.org\/{rel}","templated":true}]}}