{"id":2816,"date":"2017-07-12T20:31:30","date_gmt":"2017-07-12T14:31:30","guid":{"rendered":"http:\/\/bisbalpenedes.com\/web\/?p=2816"},"modified":"2017-07-13T21:51:06","modified_gmt":"2017-07-13T15:51:06","slug":"ja-es-poden-comprar-els-tiquets-per-al-sopar-popular-a-la-fresca-de-la-masieta","status":"publish","type":"post","link":"https:\/\/bisbalpenedes.com\/web\/2017\/07\/12\/ja-es-poden-comprar-els-tiquets-per-al-sopar-popular-a-la-fresca-de-la-masieta\/","title":{"rendered":"Ja es poden comprar els tiquets per al sopar popular a la fresca de La Masieta"},"content":{"rendered":"<div data-block=\"true\" data-editor=\"18ttt\" data-offset-key=\"bkj38-0-0\">\n<div data-offset-key=\"bkj38-0-0\"><a href=\"http:\/\/bisbalpenedes.com\/web\/wp-content\/uploads\/2017\/07\/IMG_83712.jpg\"><img loading=\"lazy\" class=\"aligncenter size-medium wp-image-2827\" title=\"Sopar masieta\" src=\"http:\/\/bisbalpenedes.com\/web\/wp-content\/uploads\/2017\/07\/IMG_83712-142x300.jpg\" alt=\"\" width=\"142\" height=\"300\" srcset=\"https:\/\/bisbalpenedes.com\/web\/wp-content\/uploads\/2017\/07\/IMG_83712-142x300.jpg 142w, https:\/\/bisbalpenedes.com\/web\/wp-content\/uploads\/2017\/07\/IMG_83712-487x1024.jpg 487w\" sizes=\"(max-width: 142px) 100vw, 142px\" \/><\/a><\/div>\n<div data-offset-key=\"bkj38-0-0\">El dia 22 de juliol tindr\u00e0 lloc la festa del barri de La Masieta.<\/div>\n<\/div>\n<div data-block=\"true\" data-editor=\"18ttt\" data-offset-key=\"84j97-0-0\">\n<div data-offset-key=\"84j97-0-0\"><\/div>\n<\/div>\n<div data-block=\"true\" data-editor=\"18ttt\" data-offset-key=\"1vj9p-0-0\">\n<div data-offset-key=\"1vj9p-0-0\">A les 22h de la nit hi haur\u00e0 un sopar popular a la fresca que consistir\u00e0 en:<\/div>\n<\/div>\n<div data-block=\"true\" data-editor=\"18ttt\" data-offset-key=\"3h1c7-0-0\">\n<div data-offset-key=\"3h1c7-0-0\"><\/div>\n<\/div>\n<div data-block=\"true\" data-editor=\"18ttt\" data-offset-key=\"d0edq-0-0\">\n<div data-offset-key=\"d0edq-0-0\">-Torrada amb entremesos ib\u00e8rics<\/div>\n<\/div>\n<div data-block=\"true\" data-editor=\"18ttt\" data-offset-key=\"643pc-0-0\">\n<div data-offset-key=\"643pc-0-0\">-Gelat<\/div>\n<\/div>\n<div data-block=\"true\" data-editor=\"18ttt\" data-offset-key=\"2s84a-0-0\">\n<div data-offset-key=\"2s84a-0-0\">-Aigua i vi<\/div>\n<\/div>\n<div data-block=\"true\" data-editor=\"18ttt\" data-offset-key=\"da2o3-0-0\">\n<div data-offset-key=\"da2o3-0-0\"><\/div>\n<\/div>\n<div data-block=\"true\" data-editor=\"18ttt\" data-offset-key=\"7r0ih-0-0\">\n<div data-offset-key=\"7r0ih-0-0\">El preu del tiquet s\u00f3n 8,5\u20ac i cal comprar-los al Local Social de l&#8217;Esplai abans del dia 19.<\/div>\n<\/div>\n<div data-block=\"true\" data-editor=\"18ttt\" data-offset-key=\"2n76b-0-0\">\n<div data-offset-key=\"2n76b-0-0\"><\/div>\n<\/div>\n<div data-block=\"true\" data-editor=\"18ttt\" data-offset-key=\"45kh8-0-0\">\n<div data-offset-key=\"45kh8-0-0\">Despr\u00e9s del sopar hi haur\u00e0 ball amb el Duo Wonderfoul.<\/div>\n<\/div>\n","protected":false},"excerpt":{"rendered":"<p>El dia 22 de juliol tindr\u00e0 lloc la festa del barri de La Masieta. A les 22h de la nit hi haur\u00e0 un sopar popular a la fresca que consistir\u00e0 &hellip; <a href=\"https:\/\/bisbalpenedes.com\/web\/2017\/07\/12\/ja-es-poden-comprar-els-tiquets-per-al-sopar-popular-a-la-fresca-de-la-masieta\/\" class=\"more-link\">Read More<\/a><\/p>\n","protected":false},"author":4,"featured_media":2817,"comment_status":"closed","ping_status":"closed","sticky":false,"template":"","format":"standard","meta":[],"categories":[13],"tags":[],"_links":{"self":[{"href":"https:\/\/bisbalpenedes.com\/web\/wp-json\/wp\/v2\/posts\/2816"}],"collection":[{"href":"https:\/\/bisbalpenedes.com\/web\/wp-json\/wp\/v2\/posts"}],"about":[{"href":"https:\/\/bisbalpenedes.com\/web\/wp-json\/wp\/v2\/types\/post"}],"author":[{"embeddable":true,"href":"https:\/\/bisbalpenedes.com\/web\/wp-json\/wp\/v2\/users\/4"}],"replies":[{"embeddable":true,"href":"https:\/\/bisbalpenedes.com\/web\/wp-json\/wp\/v2\/comments?post=2816"}],"version-history":[{"count":3,"href":"https:\/\/bisbalpenedes.com\/web\/wp-json\/wp\/v2\/posts\/2816\/revisions"}],"predecessor-version":[{"id":2819,"href":"https:\/\/bisbalpenedes.com\/web\/wp-json\/wp\/v2\/posts\/2816\/revisions\/2819"}],"wp:featuredmedia":[{"embeddable":true,"href":"https:\/\/bisbalpenedes.com\/web\/wp-json\/wp\/v2\/media\/2817"}],"wp:attachment":[{"href":"https:\/\/bisbalpenedes.com\/web\/wp-json\/wp\/v2\/media?parent=2816"}],"wp:term":[{"taxonomy":"category","embeddable":true,"href":"https:\/\/bisbalpenedes.com\/web\/wp-json\/wp\/v2\/categories?post=2816"},{"taxonomy":"post_tag","embeddable":true,"href":"https:\/\/bisbalpenedes.com\/web\/wp-json\/wp\/v2\/tags?post=2816"}],"curies":[{"name":"wp","href":"https:\/\/api.w.org\/{rel}","templated":true}]}}