{"id":28158,"date":"2023-11-14T09:59:27","date_gmt":"2023-11-14T07:59:27","guid":{"rendered":"https:\/\/bisbalpenedes.com\/web\/?p=28158"},"modified":"2023-11-14T09:59:40","modified_gmt":"2023-11-14T07:59:40","slug":"la-bisbal-del-penedes-acollira-la-v-trobada-de-corals-al-baix-penedes-el-proper-diumenge-19-de-novembre","status":"publish","type":"post","link":"https:\/\/bisbalpenedes.com\/web\/2023\/11\/14\/la-bisbal-del-penedes-acollira-la-v-trobada-de-corals-al-baix-penedes-el-proper-diumenge-19-de-novembre\/","title":{"rendered":"La Bisbal del Pened\u00e8s acollir\u00e0 la V Trobada de Corals al Baix Pened\u00e8s el proper diumenge 19 de novembre"},"content":{"rendered":"\n<p>El proper diumenge 19 de novembre, a les 17h, la Bisbal del Pened\u00e8s acollir\u00e0 la V Trobada de Corals al Baix Pened\u00e8s, amb la participaci\u00f3 de la Coral mixta de la Lira Vendrellenca i Prades Cor. Seguidament, es presentar\u00e0 el calendari 2024, dedicat a la Bisbal del Pened\u00e8s.<\/p>\n\n\n\n<p>L&#8217;acte acabar\u00e0 amb un piscolabis per a tots els assistents.<\/p>\n\n\n\n<hr class=\"wp-block-separator has-alpha-channel-opacity\"\/>\n\n\n\n<p><strong>CASTELLANO |<\/strong> El pr\u00f3ximo domingo 19 de noviembre, a las 17h, la Bisbal del Pened\u00e8s acoger\u00e1 la V Trobada de Corals al Baix Pened\u00e8s, con la participaci\u00f3n de la Coral mixta de la Lira Vendrellenca y Prades Cor. A continuaci\u00f3n, se presentar\u00e1 el calendario 2024, dedicado a la Bisbal del Pened\u00e8s.<\/p>\n\n\n\n<p>El acto finalizar\u00e1 con un piscolabis para todos los asistentes.<\/p>\n","protected":false},"excerpt":{"rendered":"<p>El proper diumenge 19 de novembre, a les 17h, la Bisbal del Pened\u00e8s acollir\u00e0 la V Trobada de Corals al Baix Pened\u00e8s, amb la participaci\u00f3 de la Coral mixta de &hellip; <a href=\"https:\/\/bisbalpenedes.com\/web\/2023\/11\/14\/la-bisbal-del-penedes-acollira-la-v-trobada-de-corals-al-baix-penedes-el-proper-diumenge-19-de-novembre\/\" class=\"more-link\">Read More<\/a><\/p>\n","protected":false},"author":4,"featured_media":28159,"comment_status":"closed","ping_status":"closed","sticky":false,"template":"","format":"standard","meta":[],"categories":[2942,13,20,8],"tags":[459,6325,6324,393,1374,1109,6326],"_links":{"self":[{"href":"https:\/\/bisbalpenedes.com\/web\/wp-json\/wp\/v2\/posts\/28158"}],"collection":[{"href":"https:\/\/bisbalpenedes.com\/web\/wp-json\/wp\/v2\/posts"}],"about":[{"href":"https:\/\/bisbalpenedes.com\/web\/wp-json\/wp\/v2\/types\/post"}],"author":[{"embeddable":true,"href":"https:\/\/bisbalpenedes.com\/web\/wp-json\/wp\/v2\/users\/4"}],"replies":[{"embeddable":true,"href":"https:\/\/bisbalpenedes.com\/web\/wp-json\/wp\/v2\/comments?post=28158"}],"version-history":[{"count":3,"href":"https:\/\/bisbalpenedes.com\/web\/wp-json\/wp\/v2\/posts\/28158\/revisions"}],"predecessor-version":[{"id":28162,"href":"https:\/\/bisbalpenedes.com\/web\/wp-json\/wp\/v2\/posts\/28158\/revisions\/28162"}],"wp:featuredmedia":[{"embeddable":true,"href":"https:\/\/bisbalpenedes.com\/web\/wp-json\/wp\/v2\/media\/28159"}],"wp:attachment":[{"href":"https:\/\/bisbalpenedes.com\/web\/wp-json\/wp\/v2\/media?parent=28158"}],"wp:term":[{"taxonomy":"category","embeddable":true,"href":"https:\/\/bisbalpenedes.com\/web\/wp-json\/wp\/v2\/categories?post=28158"},{"taxonomy":"post_tag","embeddable":true,"href":"https:\/\/bisbalpenedes.com\/web\/wp-json\/wp\/v2\/tags?post=28158"}],"curies":[{"name":"wp","href":"https:\/\/api.w.org\/{rel}","templated":true}]}}