{"id":28148,"date":"2023-11-10T14:34:44","date_gmt":"2023-11-10T12:34:44","guid":{"rendered":"https:\/\/bisbalpenedes.com\/web\/?p=28148"},"modified":"2023-11-10T14:36:03","modified_gmt":"2023-11-10T12:36:03","slug":"un-any-mes-la-biblioteca-publica-de-la-bisbal-del-penedes-sadhereix-al-cicle-dactivitats-biblioteques-amb-do","status":"publish","type":"post","link":"https:\/\/bisbalpenedes.com\/web\/2023\/11\/10\/un-any-mes-la-biblioteca-publica-de-la-bisbal-del-penedes-sadhereix-al-cicle-dactivitats-biblioteques-amb-do\/","title":{"rendered":"Un any m\u00e9s, la Biblioteca p\u00fablica de la Bisbal del Pened\u00e8s s&#8217;adhereix al cicle d&#8217;activitats &#8216;Biblioteques amb DO&#8217;"},"content":{"rendered":"\n<p>La Biblioteca p\u00fablica de la Bisbal del Pened\u00e8s s&#8217;adhereix, un any m\u00e9s, al cicle d&#8217;activitats &#8216;Biblioteques amb DO&#8217;, un projecte com\u00fa de les Biblioteques de Catalunya que apropa la cultura del vi a les biblioteques. En el seu afany de rec\u00f3rrer la diversitat de les facetes de la cultura del vi, l&#8217;edici\u00f3 del 2023 posar\u00e0 l&#8217;accent en el m\u00f3n del vi i el cinema. Per aix\u00f2, la biblioteca ha programat un seguit d&#8217;actes amb tast de&nbsp;vins del Pened\u00e8s, tallers infantils i familiars, aix\u00ed com exposicions.<\/p>\n\n\n\n<p>Les activitats es duran a terme durant el mes de novembre i per a totes elles \u00e9s imprescindible inscripci\u00f3 pr\u00e8via, presencialment a la biblioteca o a trav\u00e9s del correu electr\u00f2nic&nbsp;<a href=\"mailto:biblioteca@bisbalpenedes.com\">biblioteca@bisbalpenedes.com<\/a>.<\/p>\n\n\n\n<hr class=\"wp-block-separator has-alpha-channel-opacity\"\/>\n\n\n\n<p><strong>CASTELLANO | <\/strong>La Biblioteca p\u00fablica de la Bisbal del Pened\u00e8s se adhiere, un a\u00f1o m\u00e1s, al ciclo de actividades &#8216;Biblioteques amb DO&#8217;, un proyecto com\u00fan de las Biblioteques de Catalunya que acerca la cultura del vino a las bibliotecas. En su af\u00e1n de recorrer la diversidad de las facetas de la cultura del vino, la edici\u00f3n del 2023 pondr\u00e1 el acento en el mundo del vino y el cine. Por eso, la biblioteca ha programado diversos actos con cata de vinos del Pened\u00e8s, talleres infantiles y familiares, as\u00ed como exposiciones.<\/p>\n\n\n\n<p>Las actividades se llevar\u00e1n a cabo durante el mes de noviembre y para todas ellas es imprescindible inscripci\u00f3n previa, presencialmente en la biblioteca o a trav\u00e9s del correo electr\u00f3nico <a href=\"mailto:biblioteca@bisbalpenedes.com\" target=\"_blank\" rel=\"noreferrer noopener\">biblioteca@bisbalpenedes.com<\/a>.<\/p>\n","protected":false},"excerpt":{"rendered":"<p>La Biblioteca p\u00fablica de la Bisbal del Pened\u00e8s s&#8217;adhereix, un any m\u00e9s, al cicle d&#8217;activitats &#8216;Biblioteques amb DO&#8217;, un projecte com\u00fa de les Biblioteques de Catalunya que apropa la cultura &hellip; <a href=\"https:\/\/bisbalpenedes.com\/web\/2023\/11\/10\/un-any-mes-la-biblioteca-publica-de-la-bisbal-del-penedes-sadhereix-al-cicle-dactivitats-biblioteques-amb-do\/\" class=\"more-link\">Read More<\/a><\/p>\n","protected":false},"author":4,"featured_media":28128,"comment_status":"closed","ping_status":"closed","sticky":false,"template":"","format":"standard","meta":[],"categories":[2293,2942,2478,13,8],"tags":[230,2681,459,5773,3334,225,6323,393,508,6322],"_links":{"self":[{"href":"https:\/\/bisbalpenedes.com\/web\/wp-json\/wp\/v2\/posts\/28148"}],"collection":[{"href":"https:\/\/bisbalpenedes.com\/web\/wp-json\/wp\/v2\/posts"}],"about":[{"href":"https:\/\/bisbalpenedes.com\/web\/wp-json\/wp\/v2\/types\/post"}],"author":[{"embeddable":true,"href":"https:\/\/bisbalpenedes.com\/web\/wp-json\/wp\/v2\/users\/4"}],"replies":[{"embeddable":true,"href":"https:\/\/bisbalpenedes.com\/web\/wp-json\/wp\/v2\/comments?post=28148"}],"version-history":[{"count":3,"href":"https:\/\/bisbalpenedes.com\/web\/wp-json\/wp\/v2\/posts\/28148\/revisions"}],"predecessor-version":[{"id":28151,"href":"https:\/\/bisbalpenedes.com\/web\/wp-json\/wp\/v2\/posts\/28148\/revisions\/28151"}],"wp:featuredmedia":[{"embeddable":true,"href":"https:\/\/bisbalpenedes.com\/web\/wp-json\/wp\/v2\/media\/28128"}],"wp:attachment":[{"href":"https:\/\/bisbalpenedes.com\/web\/wp-json\/wp\/v2\/media?parent=28148"}],"wp:term":[{"taxonomy":"category","embeddable":true,"href":"https:\/\/bisbalpenedes.com\/web\/wp-json\/wp\/v2\/categories?post=28148"},{"taxonomy":"post_tag","embeddable":true,"href":"https:\/\/bisbalpenedes.com\/web\/wp-json\/wp\/v2\/tags?post=28148"}],"curies":[{"name":"wp","href":"https:\/\/api.w.org\/{rel}","templated":true}]}}