{"id":28144,"date":"2023-11-10T14:29:41","date_gmt":"2023-11-10T12:29:41","guid":{"rendered":"https:\/\/bisbalpenedes.com\/web\/?p=28144"},"modified":"2023-11-10T14:29:41","modified_gmt":"2023-11-10T12:29:41","slug":"el-dilluns-13-de-novembre-comenca-el-cicle-llegir-lopera-de-la-biblioteca-publica-de-la-bisbal-del-penedes","status":"publish","type":"post","link":"https:\/\/bisbalpenedes.com\/web\/2023\/11\/10\/el-dilluns-13-de-novembre-comenca-el-cicle-llegir-lopera-de-la-biblioteca-publica-de-la-bisbal-del-penedes\/","title":{"rendered":"El dilluns 13 de novembre comen\u00e7a el cicle &#8216;Llegir l&#8217;\u00d2pera&#8217; de la Biblioteca p\u00fablica de la Bisbal del Pened\u00e8s"},"content":{"rendered":"\n<p>La setmana vinent comen\u00e7a el cicle &#8216;Llegir l&#8217;\u00d2pera&#8217;!<\/p>\n\n\n\n<ul><li>El dilluns 13 de novembre, a les 18:30h: xerrada &#8220;Introducci\u00f3 a la Sarsuela&#8221; a c\u00e0rrec d&#8217;Albert Ferrer i Flamarich de la Fundaci\u00f3 \u00d2pera Catalunya. Activitat gratu\u00efta. Places limitades.<\/li><li>El dilluns 27 de novembre, a les 18:30h: xerrada &#8220;Els secrets de Do\u00f1a Francisquita d&#8217;Amadeu Vives&#8221; a c\u00e0rrec d&#8217;Albert Ferrer i Flamarich de la Fundaci\u00f3 \u00d2pera Catalunya. Activitat gratu\u00efta. Places limitades.<\/li><li>El divendres 1 de desembre, a les 19h, sortida al Teatre Fortuny de Reus a veure &#8220;Do\u00f1a Francisquita&#8221; (l&#8217;obra es representar\u00e0 a les 20:30h). Inscripcions a la<a href=\"https:\/\/www.facebook.com\/BibliotecaBisbal?__cft__[0]=AZUQSWXb94WqvKgrTsKiL_4vVfK5PXDeEYH5F-oNeMwaSpwL7BtMYcvmQ3msdLi9Buv96Gdot-gxBZELBsWiQREpxbdsfzoJw-iQAhIpphWUNcr5kbm3cwTil4MraBLA1RWZv8wmDoZN5NuSxM4IzTFnB0O7psdRnEt7vmrLTJszfbffHI1j8WZT83zLh294QAw&amp;__tn__=-]K-R\"> <\/a><a href=\"https:\/\/www.facebook.com\/BibliotecaBisbal?__cft__[0]=AZUQSWXb94WqvKgrTsKiL_4vVfK5PXDeEYH5F-oNeMwaSpwL7BtMYcvmQ3msdLi9Buv96Gdot-gxBZELBsWiQREpxbdsfzoJw-iQAhIpphWUNcr5kbm3cwTil4MraBLA1RWZv8wmDoZN5NuSxM4IzTFnB0O7psdRnEt7vmrLTJszfbffHI1j8WZT83zLh294QAw&amp;__tn__=-]K-R\" target=\"_blank\" rel=\"noreferrer noopener\">Biblioteca p\u00fablica de la Bisbal del Pened\u00e8s<\/a>. Preu: 45\u20ac Places limitades.<\/li><\/ul>\n\n\n\n<hr class=\"wp-block-separator has-alpha-channel-opacity\"\/>\n\n\n\n<p>\u00a1La semana que viene empieza el ciclo &#8216;Llegir l&#8217;\u00d2pera&#8217;!<\/p>\n\n\n\n<ul><li>El lunes 13 de noviembre, a las 18:30h: charla &#8220;Introducci\u00f3n a la Zarzuela&#8221; a cargo de Albert Ferrer Flamarich de la Fundaci\u00f3 \u00d2pera Catalunya. Actividad Gratuita. Plazas limitadas.<\/li><li>El lunes 27 de noviembre, a las 18:30h: charla &#8220;Los secretos de Do\u00f1a Francisquita de Amadeu Vives&#8221; a cargo de Albert Ferrer Flamarich de la Fundaci\u00f3 \u00d2pera Catalunya. Actividad gratuita. Plazas limitadas.<\/li><li>El viernes 1 de diciembre, a als 19h, salida al Teatre Fortuny de Reus a ver &#8220;Do\u00f1a Francisquita&#8221; (la obra se representar\u00e1 a las 20:30h). Inscripciones en la Biblioteca p\u00fablica de la Bisbal del Pened\u00e8s. Precio: 45\u20ac. Plazas limitadas.<\/li><\/ul>\n","protected":false},"excerpt":{"rendered":"<p>La setmana vinent comen\u00e7a el cicle &#8216;Llegir l&#8217;\u00d2pera&#8217;! El dilluns 13 de novembre, a les 18:30h: xerrada &#8220;Introducci\u00f3 a la Sarsuela&#8221; a c\u00e0rrec d&#8217;Albert Ferrer i Flamarich de la Fundaci\u00f3 &hellip; <a href=\"https:\/\/bisbalpenedes.com\/web\/2023\/11\/10\/el-dilluns-13-de-novembre-comenca-el-cicle-llegir-lopera-de-la-biblioteca-publica-de-la-bisbal-del-penedes\/\" class=\"more-link\">Read More<\/a><\/p>\n","protected":false},"author":4,"featured_media":28145,"comment_status":"closed","ping_status":"closed","sticky":false,"template":"","format":"standard","meta":[],"categories":[2942,2478,13,8],"tags":[6319,459,6320,393,6318,1374],"_links":{"self":[{"href":"https:\/\/bisbalpenedes.com\/web\/wp-json\/wp\/v2\/posts\/28144"}],"collection":[{"href":"https:\/\/bisbalpenedes.com\/web\/wp-json\/wp\/v2\/posts"}],"about":[{"href":"https:\/\/bisbalpenedes.com\/web\/wp-json\/wp\/v2\/types\/post"}],"author":[{"embeddable":true,"href":"https:\/\/bisbalpenedes.com\/web\/wp-json\/wp\/v2\/users\/4"}],"replies":[{"embeddable":true,"href":"https:\/\/bisbalpenedes.com\/web\/wp-json\/wp\/v2\/comments?post=28144"}],"version-history":[{"count":1,"href":"https:\/\/bisbalpenedes.com\/web\/wp-json\/wp\/v2\/posts\/28144\/revisions"}],"predecessor-version":[{"id":28146,"href":"https:\/\/bisbalpenedes.com\/web\/wp-json\/wp\/v2\/posts\/28144\/revisions\/28146"}],"wp:featuredmedia":[{"embeddable":true,"href":"https:\/\/bisbalpenedes.com\/web\/wp-json\/wp\/v2\/media\/28145"}],"wp:attachment":[{"href":"https:\/\/bisbalpenedes.com\/web\/wp-json\/wp\/v2\/media?parent=28144"}],"wp:term":[{"taxonomy":"category","embeddable":true,"href":"https:\/\/bisbalpenedes.com\/web\/wp-json\/wp\/v2\/categories?post=28144"},{"taxonomy":"post_tag","embeddable":true,"href":"https:\/\/bisbalpenedes.com\/web\/wp-json\/wp\/v2\/tags?post=28144"}],"curies":[{"name":"wp","href":"https:\/\/api.w.org\/{rel}","templated":true}]}}