{"id":28131,"date":"2023-11-09T19:14:57","date_gmt":"2023-11-09T17:14:57","guid":{"rendered":"https:\/\/bisbalpenedes.com\/web\/?p=28131"},"modified":"2023-11-10T13:13:29","modified_gmt":"2023-11-10T11:13:29","slug":"la-regidoria-densenyament-ha-renovat-diversos-elements-de-fusta-i-altres-materials-del-pati-de-lescola-ull-de-vent","status":"publish","type":"post","link":"https:\/\/bisbalpenedes.com\/web\/2023\/11\/09\/la-regidoria-densenyament-ha-renovat-diversos-elements-de-fusta-i-altres-materials-del-pati-de-lescola-ull-de-vent\/","title":{"rendered":"La Regidoria d\u2019Ensenyament ha renovat diversos elements de fusta i altres materials del pati de l\u2019escola Ull de Vent"},"content":{"rendered":"\n<p>La Regidoria d\u2019Ensenyament ha renovat diversos elements de fusta i altres materials del pati de l\u2019escola Ull de Vent. Durant el dia d\u2019avui, s\u2019han muntat els seg\u00fcents elements:<\/p>\n\n\n\n<ul><li>Caseta exterior<\/li><li>B\u00e0scula d\u2019equilibri<\/li><li>Recorregut d\u2019equilibri<\/li><li>Fustes per a la creaci\u00f3 de camins de troncs<\/li><li>Miralls d\u2019exterior<\/li><li>Rodes<\/li><\/ul>\n\n\n\n<p>El regidor d\u2019Ensenyament, Daniel Caballero, ha destacat que l\u2019equip de govern treballa per la seguretat dels alumnes de l\u2019escola i que, per aquest motiu, ha renovat aquests elements. El regidor, a m\u00e9s, considera que \u201cles hores d\u2019estudi s\u00f3n molt importants, per\u00f2 tamb\u00e9 ho s\u00f3n les d\u2019esbarjo\u201d.<\/p>\n\n\n\n<p>El cost d\u2019aquestes actuacions ha estat de 6.072,63\u20ac, un import que inclou el material, el muntatge i l\u2019IVA.<\/p>\n\n\n\n<figure class=\"wp-block-image size-large\"><img loading=\"lazy\" width=\"1024\" height=\"771\" src=\"https:\/\/bisbalpenedes.com\/web\/wp-content\/uploads\/2023\/11\/rodes-colors-escola-1-1024x771.jpg\" alt=\"\" class=\"wp-image-28137\" srcset=\"https:\/\/bisbalpenedes.com\/web\/wp-content\/uploads\/2023\/11\/rodes-colors-escola-1-1024x771.jpg 1024w, https:\/\/bisbalpenedes.com\/web\/wp-content\/uploads\/2023\/11\/rodes-colors-escola-1-300x226.jpg 300w, https:\/\/bisbalpenedes.com\/web\/wp-content\/uploads\/2023\/11\/rodes-colors-escola-1-768x578.jpg 768w, https:\/\/bisbalpenedes.com\/web\/wp-content\/uploads\/2023\/11\/rodes-colors-escola-1-1536x1157.jpg 1536w, https:\/\/bisbalpenedes.com\/web\/wp-content\/uploads\/2023\/11\/rodes-colors-escola-1-2048x1542.jpg 2048w, https:\/\/bisbalpenedes.com\/web\/wp-content\/uploads\/2023\/11\/rodes-colors-escola-1-600x452.jpg 600w\" sizes=\"(max-width: 1024px) 100vw, 1024px\" \/><\/figure>\n\n\n\n<figure class=\"wp-block-image size-large\"><img loading=\"lazy\" width=\"1024\" height=\"771\" src=\"https:\/\/bisbalpenedes.com\/web\/wp-content\/uploads\/2023\/11\/image-3-1024x771.jpeg\" alt=\"\" class=\"wp-image-28133\" srcset=\"https:\/\/bisbalpenedes.com\/web\/wp-content\/uploads\/2023\/11\/image-3-1024x771.jpeg 1024w, https:\/\/bisbalpenedes.com\/web\/wp-content\/uploads\/2023\/11\/image-3-300x226.jpeg 300w, https:\/\/bisbalpenedes.com\/web\/wp-content\/uploads\/2023\/11\/image-3-768x578.jpeg 768w, https:\/\/bisbalpenedes.com\/web\/wp-content\/uploads\/2023\/11\/image-3-1536x1157.jpeg 1536w, https:\/\/bisbalpenedes.com\/web\/wp-content\/uploads\/2023\/11\/image-3-2048x1542.jpeg 2048w, https:\/\/bisbalpenedes.com\/web\/wp-content\/uploads\/2023\/11\/image-3-600x452.jpeg 600w\" sizes=\"(max-width: 1024px) 100vw, 1024px\" \/><\/figure>\n\n\n\n<figure class=\"wp-block-image size-large\"><img loading=\"lazy\" width=\"1024\" height=\"771\" src=\"https:\/\/bisbalpenedes.com\/web\/wp-content\/uploads\/2023\/11\/image-2-1024x771.jpeg\" alt=\"\" class=\"wp-image-28132\" srcset=\"https:\/\/bisbalpenedes.com\/web\/wp-content\/uploads\/2023\/11\/image-2-1024x771.jpeg 1024w, https:\/\/bisbalpenedes.com\/web\/wp-content\/uploads\/2023\/11\/image-2-300x226.jpeg 300w, https:\/\/bisbalpenedes.com\/web\/wp-content\/uploads\/2023\/11\/image-2-768x578.jpeg 768w, https:\/\/bisbalpenedes.com\/web\/wp-content\/uploads\/2023\/11\/image-2-1536x1157.jpeg 1536w, https:\/\/bisbalpenedes.com\/web\/wp-content\/uploads\/2023\/11\/image-2-2048x1542.jpeg 2048w, https:\/\/bisbalpenedes.com\/web\/wp-content\/uploads\/2023\/11\/image-2-600x452.jpeg 600w\" sizes=\"(max-width: 1024px) 100vw, 1024px\" \/><\/figure>\n\n\n\n<hr class=\"wp-block-separator has-alpha-channel-opacity\"\/>\n\n\n\n<p><strong><br><\/strong><strong>CASTELLANO<\/strong> | La Concejal\u00eda de Educaci\u00f3n ha renovado varios elementos de madera y otros materiales del patio de la escuela Ull de Vent. Durante el d\u00eda de hoy se han montado los siguientes elementos:<\/p>\n\n\n\n<ul><li>Casita exterior<\/li><li>B\u00e1scula de equilibrio<\/li><li>Recorrido de equilibrio<\/li><li>Maderas para la creaci\u00f3n de caminos de troncos<\/li><li>Espejos de exterior<\/li><li>Ruedas<\/li><\/ul>\n\n\n\n<p>El concejal de Educaci\u00f3n, Daniel Caballero, ha destacado que el equipo de gobierno trabaja por la seguridad de los alumnos de la escuela y que, por este motivo, ha renovado estos elementos. El concejal, adem\u00e1s, considera que \u201clas horas de estudio son muy importantes, pero tambi\u00e9n lo son las de recreo\u201d.<br>El coste de estas actuaciones ha sido de 6.072,63\u20ac, un importe que incluye el material, el montaje y el IVA.<\/p>\n","protected":false},"excerpt":{"rendered":"<p>La Regidoria d\u2019Ensenyament ha renovat diversos elements de fusta i altres materials del pati de l\u2019escola Ull de Vent. Durant el dia d\u2019avui, s\u2019han muntat els seg\u00fcents elements: Caseta exterior &hellip; <a href=\"https:\/\/bisbalpenedes.com\/web\/2023\/11\/09\/la-regidoria-densenyament-ha-renovat-diversos-elements-de-fusta-i-altres-materials-del-pati-de-lescola-ull-de-vent\/\" class=\"more-link\">Read More<\/a><\/p>\n","protected":false},"author":4,"featured_media":28134,"comment_status":"closed","ping_status":"closed","sticky":false,"template":"","format":"standard","meta":[],"categories":[3456,8],"tags":[862,1487,337,393,6179,222],"_links":{"self":[{"href":"https:\/\/bisbalpenedes.com\/web\/wp-json\/wp\/v2\/posts\/28131"}],"collection":[{"href":"https:\/\/bisbalpenedes.com\/web\/wp-json\/wp\/v2\/posts"}],"about":[{"href":"https:\/\/bisbalpenedes.com\/web\/wp-json\/wp\/v2\/types\/post"}],"author":[{"embeddable":true,"href":"https:\/\/bisbalpenedes.com\/web\/wp-json\/wp\/v2\/users\/4"}],"replies":[{"embeddable":true,"href":"https:\/\/bisbalpenedes.com\/web\/wp-json\/wp\/v2\/comments?post=28131"}],"version-history":[{"count":2,"href":"https:\/\/bisbalpenedes.com\/web\/wp-json\/wp\/v2\/posts\/28131\/revisions"}],"predecessor-version":[{"id":28138,"href":"https:\/\/bisbalpenedes.com\/web\/wp-json\/wp\/v2\/posts\/28131\/revisions\/28138"}],"wp:featuredmedia":[{"embeddable":true,"href":"https:\/\/bisbalpenedes.com\/web\/wp-json\/wp\/v2\/media\/28134"}],"wp:attachment":[{"href":"https:\/\/bisbalpenedes.com\/web\/wp-json\/wp\/v2\/media?parent=28131"}],"wp:term":[{"taxonomy":"category","embeddable":true,"href":"https:\/\/bisbalpenedes.com\/web\/wp-json\/wp\/v2\/categories?post=28131"},{"taxonomy":"post_tag","embeddable":true,"href":"https:\/\/bisbalpenedes.com\/web\/wp-json\/wp\/v2\/tags?post=28131"}],"curies":[{"name":"wp","href":"https:\/\/api.w.org\/{rel}","templated":true}]}}